{"id":1072,"date":"2020-01-01T10:49:45","date_gmt":"2020-01-01T14:49:45","guid":{"rendered":"http:\/\/www.consejeriayliderazgopr.com\/portal\/estudio-hay-redes-cerebrales-que-elevan-el-riesgo-de-suicidio\/"},"modified":"2020-01-01T10:51:24","modified_gmt":"2020-01-01T14:51:24","slug":"estudio-hay-redes-cerebrales-que-elevan-el-riesgo-de-suicidio","status":"publish","type":"post","link":"https:\/\/www.consejeriayliderazgopr.com\/portal\/estudio-hay-redes-cerebrales-que-elevan-el-riesgo-de-suicidio\/","title":{"rendered":"Estudio: Hay redes cerebrales que elevan el riesgo de suicidio"},"content":{"rendered":"<p class=\"introtext\" itemprop=\"description\" style=\"box-sizing: border-box; margin: 0px 0px 10px; font-size: 16px; font-weight: bold; caret-color: rgb(51, 51, 51); color: rgb(51, 51, 51); font-family\" helvetica neue arial sans-serif font-style: normal font-variant-caps: letter-spacing: orphans: auto text-align: start text-indent: text-transform: none white-space: widows: word-spacing: rgba text-decoration:><strong>Investigadores identifican una serie de redes claves dentro del cerebro que interact\u00faan para aumentar el riesgo de que una persona piense en suicidarse.<\/strong><\/p>\n<div itemprop=\"articleBody\" style=\"box-sizing: border-box; caret-color: rgb(51, 51, 51); color: rgb(51, 51, 51); font-family\" helvetica neue arial sans-serif font-size: font-style: normal font-variant-caps: font-weight: letter-spacing: orphans: auto text-align: start text-indent: text-transform: none white-space: widows: word-spacing: rgba text-decoration:>\n<p style=\"box-sizing: border-box; margin: 0px 0px 10px\">El equipo internacional de la Universidad de Cambridge y la Facultad de Medicina de Yale&nbsp;revisaron dos d\u00e9cadas de literatura cient\u00edfica sobre estudios de im\u00e1genes cerebrales de pensamientos y comportamientos suicidas. En total analizaron 131 estudios en m\u00e1s de 12 mil personas y observaron alteraciones en la estructura y funci\u00f3n del cerebro que podr\u00edan aumentar el riesgo de suicidio.<\/p>\n<p style=\"box-sizing: border-box; margin: 0px 0px 10px\">En el art\u00edculo publicado en&nbsp;<em style=\"box-sizing: border-box\">Molecular Psychiatry<\/em>, los investigadores se\u00f1alan que el mayor predictor de muerte por suicidio es un intento previo; por lo tanto, es esencial intervenir lo antes posible para reducir el peligro, instaron los expertos.&nbsp;Para muchas personas, este riesgo se da en la etapa de la adolescencia.<\/p>\n<p style=\"box-sizing: border-box; margin: 0px 0px 10px\">Combinando los resultados de todos los estudios de im\u00e1genes cerebrales disponibles, el conjunto m\u00e9dico busc\u00f3 evidencia de alteraciones estructurales, funcionales y moleculares en el cerebro que pudieran aumentar la tendencia al suicidio. De esta forma, identific\u00f3 dos redes cerebrales y las conexiones entre ellas, que parecen jugar un papel importante en este riesgo.<\/p>\n<\/div>\n<p style=\"box-sizing: border-box; margin: 0px 0px 10px; caret-color: rgb(51, 51, 51); color: rgb(51, 51, 51); font-family\" helvetica neue arial sans-serif font-size: font-style: normal font-variant-caps: font-weight: letter-spacing: orphans: auto text-align: start text-indent: text-transform: none white-space: widows: word-spacing: rgba text-decoration:>La primera de estas redes involucra \u00e1reas hacia el frente del cerebro conocido como corteza prefrontal ventral medial y lateral, y est\u00e1n conectadas con otras regiones involucradas en la emoci\u00f3n. Las alteraciones en esta red pueden conducir a pensamientos negativos excesivos y dificultades para regular las emociones, estimulando los pensamientos de suicidio.<\/p>\n<p style=\"box-sizing: border-box; margin: 0px 0px 10px; caret-color: rgb(51, 51, 51); color: rgb(51, 51, 51); font-family\" helvetica neue arial sans-serif font-size: font-style: normal font-variant-caps: font-weight: letter-spacing: orphans: auto text-align: start text-indent: text-transform: none white-space: widows: word-spacing: rgba text-decoration:>La segunda red compromete regiones conocidas como la corteza prefrontal dorsal y el sistema de giro frontal inferior. Las alteraciones en esta red pueden influir en los intentos de suicidio, en parte, debido a su papel en la toma de decisiones, la generaci\u00f3n de soluciones alternativas a los problemas y el control del comportamiento.<\/p>\n<p style=\"box-sizing: border-box; margin: 0px 0px 10px; caret-color: rgb(51, 51, 51); color: rgb(51, 51, 51); font-family\" helvetica neue arial sans-serif font-size: font-style: normal font-variant-caps: font-weight: letter-spacing: orphans: auto text-align: start text-indent: text-transform: none white-space: widows: word-spacing: rgba text-decoration:>Los investigadores sugieren que, si ambas redes se alteran en t\u00e9rminos de estructura, funci\u00f3n o bioqu\u00edmica, se originan situaciones en las que un individuo piensa negativamente sobre el futuro y no puede controlar sus pensamientos, lo que conducir\u00eda a mayor riesgo de suicidio.<\/p>\n<p style=\"box-sizing: border-box; margin: 0px 0px 10px; caret-color: rgb(51, 51, 51); color: rgb(51, 51, 51); font-family\" helvetica neue arial sans-serif font-size: font-style: normal font-variant-caps: font-weight: letter-spacing: orphans: auto text-align: start text-indent: text-transform: none white-space: widows: word-spacing: rgba text-decoration:>Fuente: <a href=\"https:\/\/www.hispantv.com\/noticias\/salud\/443797\/red-cerebral-riesgo-suicidio\">HispanTV<\/a><\/p>\n","protected":false},"excerpt":{"rendered":"<p>Investigadores identifican una serie de redes claves dentro del cerebro que interact\u00faan para aumentar el riesgo de que una persona piense en suicidarse. El equipo internacional de la Universidad de [&hellip;]<\/p>\n","protected":false},"author":1,"featured_media":1071,"comment_status":"open","ping_status":"open","sticky":false,"template":"","format":"standard","meta":{"_jetpack_memberships_contains_paid_content":false,"footnotes":"","jetpack_publicize_message":"","jetpack_publicize_feature_enabled":true,"jetpack_social_post_already_shared":true,"jetpack_social_options":{"image_generator_settings":{"template":"highway","enabled":false},"version":2}},"categories":[6],"tags":[],"class_list":["post-1072","post","type-post","status-publish","format-standard","has-post-thumbnail","hentry","category-notices"],"jetpack_publicize_connections":[],"jetpack_featured_media_url":"https:\/\/i0.wp.com\/www.consejeriayliderazgopr.com\/portal\/wp-content\/uploads\/2020\/01\/img_5826.jpg?fit=1280%2C775&ssl=1","jetpack_sharing_enabled":true,"jetpack_shortlink":"https:\/\/wp.me\/pal6D3-hi","_links":{"self":[{"href":"https:\/\/www.consejeriayliderazgopr.com\/portal\/wp-json\/wp\/v2\/posts\/1072","targetHints":{"allow":["GET"]}}],"collection":[{"href":"https:\/\/www.consejeriayliderazgopr.com\/portal\/wp-json\/wp\/v2\/posts"}],"about":[{"href":"https:\/\/www.consejeriayliderazgopr.com\/portal\/wp-json\/wp\/v2\/types\/post"}],"author":[{"embeddable":true,"href":"https:\/\/www.consejeriayliderazgopr.com\/portal\/wp-json\/wp\/v2\/users\/1"}],"replies":[{"embeddable":true,"href":"https:\/\/www.consejeriayliderazgopr.com\/portal\/wp-json\/wp\/v2\/comments?post=1072"}],"version-history":[{"count":1,"href":"https:\/\/www.consejeriayliderazgopr.com\/portal\/wp-json\/wp\/v2\/posts\/1072\/revisions"}],"predecessor-version":[{"id":1073,"href":"https:\/\/www.consejeriayliderazgopr.com\/portal\/wp-json\/wp\/v2\/posts\/1072\/revisions\/1073"}],"wp:featuredmedia":[{"embeddable":true,"href":"https:\/\/www.consejeriayliderazgopr.com\/portal\/wp-json\/wp\/v2\/media\/1071"}],"wp:attachment":[{"href":"https:\/\/www.consejeriayliderazgopr.com\/portal\/wp-json\/wp\/v2\/media?parent=1072"}],"wp:term":[{"taxonomy":"category","embeddable":true,"href":"https:\/\/www.consejeriayliderazgopr.com\/portal\/wp-json\/wp\/v2\/categories?post=1072"},{"taxonomy":"post_tag","embeddable":true,"href":"https:\/\/www.consejeriayliderazgopr.com\/portal\/wp-json\/wp\/v2\/tags?post=1072"}],"curies":[{"name":"wp","href":"https:\/\/api.w.org\/{rel}","templated":true}]}}