{"id":1277,"date":"2023-09-05T18:45:39","date_gmt":"2023-09-05T22:45:39","guid":{"rendered":"http:\/\/www.consejeriayliderazgopr.com\/portal\/?p=1277"},"modified":"2023-09-05T18:57:15","modified_gmt":"2023-09-05T22:57:15","slug":"lineapais","status":"publish","type":"post","link":"https:\/\/www.consejeriayliderazgopr.com\/portal\/lineapais\/","title":{"rendered":"L\u00ednea PAIS (Programa de Apoyo e Intervenci\u00f3n Psicosocial)"},"content":{"rendered":"<blockquote><p><strong>L\u00cdNEA PAIS &#8211; 1-850-389-1722<\/strong><\/p><\/blockquote>\n<ul class=\"ul1\">\n<li class=\"li1\"><span class=\"s2\">La L\u00ednea PAIS es un n\u00famero de tel\u00e9fono gratuito al que cualquier cuidador puede llamar para recibir apoyo, obtener informaci\u00f3n b\u00e1sica, y acceso a recursos.<\/span><\/li>\n<li class=\"li1\"><span class=\"s2\">La L\u00ednea PAIS no es una l\u00ednea de crisis y no maneja emergencias. Las personas en crisis deben llamar a su especialista, al 9-1-1 o a la L\u00ednea de Apoyo Emocional 9-8-8. <\/span><\/li>\n<li class=\"li1\"><span class=\"s2\">Los mensajes de la L\u00ednea PAIS se devuelven los d\u00edas lunes, martes y jueves. Las llamadas y los mensajes de texto se devolver\u00e1n dentro del horario laboral de 7:00 p.m. a 9:00 p.m. Este servicio es ofrecido \u00fanicamente a residentes de Puerto Rico.<\/span>\n<ul class=\"ul1\">\n<li class=\"li1\"><span class=\"s2\">Puede dejar un mensaje confidencial (mensajer\u00eda de texto) en cualquier momento y uno de los facilitadores de la L\u00ednea PAIS le devolver\u00e1 la llamada lo antes posible dentro del horario de servicios. Si no puede hablar cuando el facilitador le llame, puede coordinar para contactarle en otro momento. El facilitador le proporcionar\u00e1 apoyo, informaci\u00f3n y lista de recursos profesionales cerca de usted.<\/span><\/li>\n<\/ul>\n<\/li>\n<\/ul>\n<p class=\"p1\"><span class=\"s2\">Nota: Los facilitadores de la L\u00ednea PAIS son estudiantes de Psicolog\u00eda e Internos de Consejer\u00eda en Salud Mental, capacitados en el proceso de ayuda virtual, el manejo de la fatiga y la intervenci\u00f3n en p\u00e9rdidas y duelo en adultos cuidadores.<\/span><\/p>\n<p><em><strong>Servicios gratuitos dirigidos a:\u00a0<\/strong><\/em><\/p>\n<p class=\"p1\"><span class=\"s1\">Cuidadores de ni\u00f1os, adolescentes y adultos con necesidades especiales,\u00a0<\/span><span class=\"s1\">enfermedades prolongadas y\u00a0<\/span><span class=\"s1\">enfermedades terminales<\/span><\/p>\n<p class=\"p1\"><strong><em><span class=\"s1\">\u00bfC\u00f3mo le ayudar\u00e1n en la Linea PAIS?<\/span><\/em><\/strong><\/p>\n<ul>\n<li class=\"p1\"><span class=\"s1\">Le escuchar\u00e1n <\/span><\/li>\n<li class=\"p1\"><span class=\"s1\">Le ayudar\u00e1n a encontrar la calma<\/span><\/li>\n<li class=\"p1\"><span class=\"s1\">Le orientar\u00e1n sobre rutas de acci\u00f3n, recursos y otras ayudas<\/span><\/li>\n<\/ul>\n<p><b><i><a href=\"https:\/\/i0.wp.com\/www.consejeriayliderazgopr.com\/portal\/wp-content\/uploads\/2023\/09\/Programa-de-Apoyo.png\"><img data-recalc-dims=\"1\" loading=\"lazy\" decoding=\"async\" class=\"alignnone size-full wp-image-1282\" src=\"https:\/\/i0.wp.com\/www.consejeriayliderazgopr.com\/portal\/wp-content\/uploads\/2023\/09\/Programa-de-Apoyo.png?resize=640%2C640\" alt=\"\" width=\"640\" height=\"640\" srcset=\"https:\/\/i0.wp.com\/www.consejeriayliderazgopr.com\/portal\/wp-content\/uploads\/2023\/09\/Programa-de-Apoyo.png?w=2160&amp;ssl=1 2160w, https:\/\/i0.wp.com\/www.consejeriayliderazgopr.com\/portal\/wp-content\/uploads\/2023\/09\/Programa-de-Apoyo.png?resize=300%2C300&amp;ssl=1 300w, https:\/\/i0.wp.com\/www.consejeriayliderazgopr.com\/portal\/wp-content\/uploads\/2023\/09\/Programa-de-Apoyo.png?resize=1024%2C1024&amp;ssl=1 1024w, https:\/\/i0.wp.com\/www.consejeriayliderazgopr.com\/portal\/wp-content\/uploads\/2023\/09\/Programa-de-Apoyo.png?resize=150%2C150&amp;ssl=1 150w, https:\/\/i0.wp.com\/www.consejeriayliderazgopr.com\/portal\/wp-content\/uploads\/2023\/09\/Programa-de-Apoyo.png?resize=768%2C768&amp;ssl=1 768w, https:\/\/i0.wp.com\/www.consejeriayliderazgopr.com\/portal\/wp-content\/uploads\/2023\/09\/Programa-de-Apoyo.png?resize=1536%2C1536&amp;ssl=1 1536w, https:\/\/i0.wp.com\/www.consejeriayliderazgopr.com\/portal\/wp-content\/uploads\/2023\/09\/Programa-de-Apoyo.png?resize=2048%2C2048&amp;ssl=1 2048w, https:\/\/i0.wp.com\/www.consejeriayliderazgopr.com\/portal\/wp-content\/uploads\/2023\/09\/Programa-de-Apoyo.png?w=1280 1280w, https:\/\/i0.wp.com\/www.consejeriayliderazgopr.com\/portal\/wp-content\/uploads\/2023\/09\/Programa-de-Apoyo.png?w=1920 1920w\" sizes=\"auto, (max-width: 640px) 100vw, 640px\" \/><\/a><\/i><\/b><\/p>\n","protected":false},"excerpt":{"rendered":"<p>L\u00cdNEA PAIS &#8211; 1-850-389-1722 La L\u00ednea PAIS es un n\u00famero de tel\u00e9fono gratuito al que cualquier cuidador puede llamar para recibir apoyo, obtener informaci\u00f3n b\u00e1sica, y acceso a recursos. La [&hellip;]<\/p>\n","protected":false},"author":1,"featured_media":0,"comment_status":"open","ping_status":"open","sticky":false,"template":"","format":"standard","meta":{"_jetpack_memberships_contains_paid_content":false,"footnotes":"","jetpack_publicize_message":"","jetpack_publicize_feature_enabled":true,"jetpack_social_post_already_shared":true,"jetpack_social_options":{"image_generator_settings":{"template":"highway","enabled":false},"version":2}},"categories":[1],"tags":[],"class_list":["post-1277","post","type-post","status-publish","format-standard","hentry","category-sin-categoria"],"jetpack_publicize_connections":[],"jetpack_featured_media_url":"","jetpack_sharing_enabled":true,"jetpack_shortlink":"https:\/\/wp.me\/pal6D3-kB","_links":{"self":[{"href":"https:\/\/www.consejeriayliderazgopr.com\/portal\/wp-json\/wp\/v2\/posts\/1277","targetHints":{"allow":["GET"]}}],"collection":[{"href":"https:\/\/www.consejeriayliderazgopr.com\/portal\/wp-json\/wp\/v2\/posts"}],"about":[{"href":"https:\/\/www.consejeriayliderazgopr.com\/portal\/wp-json\/wp\/v2\/types\/post"}],"author":[{"embeddable":true,"href":"https:\/\/www.consejeriayliderazgopr.com\/portal\/wp-json\/wp\/v2\/users\/1"}],"replies":[{"embeddable":true,"href":"https:\/\/www.consejeriayliderazgopr.com\/portal\/wp-json\/wp\/v2\/comments?post=1277"}],"version-history":[{"count":5,"href":"https:\/\/www.consejeriayliderazgopr.com\/portal\/wp-json\/wp\/v2\/posts\/1277\/revisions"}],"predecessor-version":[{"id":1283,"href":"https:\/\/www.consejeriayliderazgopr.com\/portal\/wp-json\/wp\/v2\/posts\/1277\/revisions\/1283"}],"wp:attachment":[{"href":"https:\/\/www.consejeriayliderazgopr.com\/portal\/wp-json\/wp\/v2\/media?parent=1277"}],"wp:term":[{"taxonomy":"category","embeddable":true,"href":"https:\/\/www.consejeriayliderazgopr.com\/portal\/wp-json\/wp\/v2\/categories?post=1277"},{"taxonomy":"post_tag","embeddable":true,"href":"https:\/\/www.consejeriayliderazgopr.com\/portal\/wp-json\/wp\/v2\/tags?post=1277"}],"curies":[{"name":"wp","href":"https:\/\/api.w.org\/{rel}","templated":true}]}}