{"id":1319,"date":"2025-05-12T18:55:21","date_gmt":"2025-05-12T22:55:21","guid":{"rendered":"https:\/\/www.consejeriayliderazgopr.com\/portal\/salud-mental-y-personas-con-enfermedades-cronicas\/"},"modified":"2025-05-12T18:58:06","modified_gmt":"2025-05-12T22:58:06","slug":"salud-mental-y-personas-con-enfermedades-cronicas","status":"publish","type":"post","link":"https:\/\/www.consejeriayliderazgopr.com\/portal\/salud-mental-y-personas-con-enfermedades-cronicas\/","title":{"rendered":"Salud mental en personas con enfermedades cr\u00f3nicas"},"content":{"rendered":"\n<p class=\"p1\">Vivimos en una \u00e9poca en la que hablar de salud f\u00edsica ya no puede hacerse sin considerar la salud mental. Las enfermedades cr\u00f3nicas \u2014como la diabetes, el c\u00e1ncer, la artritis, el VIH, la esclerosis m\u00faltiple o las enfermedades cardiovasculares\u2014 no solo afectan el cuerpo. Tambi\u00e9n transforman emociones, relaciones, estilos de vida y la percepci\u00f3n de uno mismo. Y es precisamente en esa transformaci\u00f3n donde aparece la necesidad urgente de integrar la salud mental como parte esencial del tratamiento.<\/p>\n\n\n\n<p class=\"p1\">Una carga invisible<\/p>\n\n\n\n<p class=\"p1\">Las personas con condiciones cr\u00f3nicas viven una doble lucha: por un lado, manejan s\u00edntomas f\u00edsicos constantes; por el otro, enfrentan preocupaciones emocionales que muchas veces no son visibles para su entorno. Ansiedad, depresi\u00f3n, fatiga emocional, miedo al futuro, aislamiento social o culpa son solo algunos de los retos que emergen con la enfermedad.<\/p>\n\n\n\n<p class=\"p1\">El impacto emocional no es opcional<\/p>\n\n\n\n<p class=\"p1\">Diversos estudios han demostrado que las personas con enfermedades cr\u00f3nicas tienen una mayor probabilidad de desarrollar trastornos de salud mental. Pero esto no debe verse como una complicaci\u00f3n adicional, sino como una parte integral de la experiencia humana ante la enfermedad. Reconocer y atender ese impacto emocional es tan importante como seguir el tratamiento m\u00e9dico.<\/p>\n\n\n\n<p class=\"p1\">\u00bfQu\u00e9 puede hacerse?<\/p>\n\n\n\n<p class=\"p1\">1. Psicoeducaci\u00f3n: Entender que las reacciones emocionales ante una enfermedad cr\u00f3nica son normales y v\u00e1lidas es el primer paso para sanarlas. La informaci\u00f3n empodera.<\/p>\n\n\n\n<p class=\"p1\">2. Consejer\u00eda o psicoterapia: Un espacio profesional donde se validen emociones, se trabaje el duelo por las p\u00e9rdidas asociadas, se desarrollen estrategias de afrontamiento y se fortalezca la autoestima puede hacer una diferencia significativa.<\/p>\n\n\n\n<p class=\"p1\">3. Red de apoyo: Contar con familiares, amistades o grupos de apoyo que escuchen sin juzgar y est\u00e9n presentes puede aliviar la carga emocional.<\/p>\n\n\n\n<p class=\"p1\">4. Integraci\u00f3n del equipo de salud: Idealmente, el tratamiento debe ser interdisciplinario, incluyendo m\u00e9dicos, psic\u00f3logos, trabajadores sociales y consejeros en salud mental.<\/p>\n\n\n\n<p class=\"p1\">5. Autocompasi\u00f3n y autocuidado: Cultivar la amabilidad con uno mismo en medio del dolor es un acto de sanaci\u00f3n y resistencia.<\/p>\n\n\n\n<p class=\"p1\">Rompiendo el estigma<\/p>\n\n\n\n<p class=\"p1\">Es importante hablar de esto. A\u00fan existe la falsa creencia de que buscar ayuda es innecesario o que \u201chay que ser fuerte\u201d y callar. Pero no se trata de fortaleza silenciosa, sino de una salud integral donde cuerpo y mente trabajen juntos. Nadie deber\u00eda enfrentar una enfermedad cr\u00f3nica sin apoyo emocional.<\/p>\n\n\n\n<p class=\"p1\">Un llamado a la empat\u00eda<\/p>\n\n\n\n<p class=\"p1\">Si usted vive con una condici\u00f3n cr\u00f3nica, sepa que no est\u00e1 solo ni sola. Sus emociones importan. Tiene derecho a hablar de ellas, a pedir ayuda, y a vivir con dignidad y apoyo. Y si usted acompa\u00f1a a alguien con una enfermedad de largo plazo, escuche, abrace, est\u00e9 presente.<\/p>\n\n\n\n<p class=\"p1\">La salud mental tambi\u00e9n es parte del tratamiento.<\/p>\n\n\n\n<p class=\"p1\">\ud83d\udcdaSobre el autor:<\/p>\n\n\n\n<p class=\"p1\">El doctor Julio A. Cruz Rodriguez es Director del Centro de Apoyo Psicosocial y Recursos Educativos para el Desarrollo (CAPRED). Posee la licencia de Consejero Profesional del Departamento de Salud de Puerto Rico, una preparaci\u00f3n en Consejer\u00eda en Salud Mental de Lamar University en Texas, una certificaci\u00f3n en Consejer\u00eda Cl\u00ednica en Salud Mental del Instituto de Desarrollo Integral y Evaluaci\u00f3n y un credencial como Consejero Cl\u00ednico en Salud Mental Licenciado para la Pr\u00e1ctica Independiente por la American Mental Health Counselors Association. Es Consejero Nacional Certificado por la National Board for Certified Counselors. Posee licencia como Consejero en Salud Mental en el estado de Florida y como Consejero Profesional Cl\u00ednico en el estado de Nevada. Tiene 10 a\u00f1os de experiencia en consejer\u00eda, docencia y supervisi\u00f3n.<\/p>\n","protected":false},"excerpt":{"rendered":"<p>Vivimos en una \u00e9poca en la que hablar de salud f\u00edsica ya no puede hacerse sin considerar la salud mental. Las enfermedades cr\u00f3nicas \u2014como la diabetes, el c\u00e1ncer, la artritis, [&hellip;]<\/p>\n","protected":false},"author":1,"featured_media":1318,"comment_status":"open","ping_status":"open","sticky":false,"template":"","format":"standard","meta":{"_jetpack_memberships_contains_paid_content":false,"footnotes":"","jetpack_publicize_message":"","jetpack_publicize_feature_enabled":true,"jetpack_social_post_already_shared":true,"jetpack_social_options":{"image_generator_settings":{"template":"highway","enabled":false},"version":2}},"categories":[6],"tags":[],"class_list":["post-1319","post","type-post","status-publish","format-standard","has-post-thumbnail","hentry","category-notices"],"jetpack_publicize_connections":[],"jetpack_featured_media_url":"https:\/\/i0.wp.com\/www.consejeriayliderazgopr.com\/portal\/wp-content\/uploads\/2025\/05\/b9c5cdb2-6118-4e83-a328-64e3f5f0f62e-1.png?fit=1024%2C1024&ssl=1","jetpack_sharing_enabled":true,"jetpack_shortlink":"https:\/\/wp.me\/pal6D3-lh","_links":{"self":[{"href":"https:\/\/www.consejeriayliderazgopr.com\/portal\/wp-json\/wp\/v2\/posts\/1319","targetHints":{"allow":["GET"]}}],"collection":[{"href":"https:\/\/www.consejeriayliderazgopr.com\/portal\/wp-json\/wp\/v2\/posts"}],"about":[{"href":"https:\/\/www.consejeriayliderazgopr.com\/portal\/wp-json\/wp\/v2\/types\/post"}],"author":[{"embeddable":true,"href":"https:\/\/www.consejeriayliderazgopr.com\/portal\/wp-json\/wp\/v2\/users\/1"}],"replies":[{"embeddable":true,"href":"https:\/\/www.consejeriayliderazgopr.com\/portal\/wp-json\/wp\/v2\/comments?post=1319"}],"version-history":[{"count":1,"href":"https:\/\/www.consejeriayliderazgopr.com\/portal\/wp-json\/wp\/v2\/posts\/1319\/revisions"}],"predecessor-version":[{"id":1320,"href":"https:\/\/www.consejeriayliderazgopr.com\/portal\/wp-json\/wp\/v2\/posts\/1319\/revisions\/1320"}],"wp:featuredmedia":[{"embeddable":true,"href":"https:\/\/www.consejeriayliderazgopr.com\/portal\/wp-json\/wp\/v2\/media\/1318"}],"wp:attachment":[{"href":"https:\/\/www.consejeriayliderazgopr.com\/portal\/wp-json\/wp\/v2\/media?parent=1319"}],"wp:term":[{"taxonomy":"category","embeddable":true,"href":"https:\/\/www.consejeriayliderazgopr.com\/portal\/wp-json\/wp\/v2\/categories?post=1319"},{"taxonomy":"post_tag","embeddable":true,"href":"https:\/\/www.consejeriayliderazgopr.com\/portal\/wp-json\/wp\/v2\/tags?post=1319"}],"curies":[{"name":"wp","href":"https:\/\/api.w.org\/{rel}","templated":true}]}}