{"id":1328,"date":"2026-04-29T19:45:09","date_gmt":"2026-04-29T23:45:09","guid":{"rendered":"https:\/\/www.consejeriayliderazgopr.com\/portal\/identidad-del-consejero-profesional-en-puerto-rico\/"},"modified":"2026-04-29T19:45:09","modified_gmt":"2026-04-29T23:45:09","slug":"identidad-del-consejero-profesional-en-puerto-rico","status":"publish","type":"post","link":"https:\/\/www.consejeriayliderazgopr.com\/portal\/identidad-del-consejero-profesional-en-puerto-rico\/","title":{"rendered":"Identidad del Consejero Profesional en Puerto Rico"},"content":{"rendered":"\n<p class=\"p1\">La identidad del consejero profesional en Puerto Rico es un tema que no solo requiere claridad conceptual, sino tambi\u00e9n acci\u00f3n intencional desde los espacios acad\u00e9micos, regulatorios y cl\u00ednicos. No se trata \u00fanicamente de c\u00f3mo nos definimos, sino de c\u00f3mo sostenemos esa definici\u00f3n en la pr\u00e1ctica, en la pol\u00edtica p\u00fablica y en la formaci\u00f3n de las futuras generaciones.<\/p>\n\n\n\n<p class=\"p1\">En Puerto Rico, la identidad del consejero profesional ha estado hist\u00f3ricamente influenciada por m\u00faltiples corrientes: la orientaci\u00f3n educativa, la psicolog\u00eda, el trabajo social y otras disciplinas afines. Esta convergencia ha enriquecido la pr\u00e1ctica, pero tambi\u00e9n ha generado ambig\u00fcedad en cuanto al rol, las competencias y los l\u00edmites profesionales. El resultado ha sido una profesi\u00f3n que, en muchos contextos, a\u00fan lucha por diferenciarse claramente dentro del ecosistema de la salud mental.<\/p>\n\n\n\n<p class=\"p1\">Desde una perspectiva acad\u00e9mica y regulatoria, es fundamental afirmar que el consejero profesional es un especialista en el desarrollo humano, algunos en la salud mental y la intervenci\u00f3n, con una preparaci\u00f3n estructurada que integra teor\u00eda, pr\u00e1ctica supervisada y un marco \u00e9tico s\u00f3lido. Esta identidad no es opcional ni flexible al punto de diluirse; debe ser consistente, defendible y alineada con est\u00e1ndares reconocidos a nivel nacional e internacional.<\/p>\n\n\n\n<p class=\"p1\">Uno de los principales retos en Puerto Rico es la falta de estandarizaci\u00f3n en la formaci\u00f3n acad\u00e9mica. Mientras en otras jurisdicciones los programas est\u00e1n claramente alineados a est\u00e1ndares como los de CACREP, en la isla a\u00fan coexisten modelos formativos con \u00e9nfasis diversos que no siempre priorizan la consejer\u00eda profesional como disciplina cl\u00ednica especializada. Esto tiene implicaciones directas en la percepci\u00f3n p\u00fablica, en los procesos de licenciamiento y en la movilidad profesional.<\/p>\n\n\n\n<p class=\"p1\">Abordar la identidad profesional del consejero requiere, en primer lugar, un compromiso claro desde los programas acad\u00e9micos. No basta con ofrecer cursos de consejer\u00eda; es necesario estructurar curr\u00edculos que desarrollen competencias cl\u00ednicas, destrezas de intervenci\u00f3n, pensamiento cr\u00edtico y una comprensi\u00f3n profunda del rol profesional. La formaci\u00f3n debe incluir experiencias pr\u00e1cticas rigurosas, supervisi\u00f3n cl\u00ednica de calidad y una integraci\u00f3n real de los c\u00f3digos de \u00e9tica, particularmente aquellos promovidos por organizaciones como la American Counseling Association.<\/p>\n\n\n\n<p class=\"p1\">En segundo lugar, las juntas examinadoras tienen un rol crucial. No solo regulan la pr\u00e1ctica, sino que tambi\u00e9n definen los par\u00e1metros de lo que significa ser consejero profesional en su jurisdicci\u00f3n. Esto implica revisar y actualizar continuamente los requisitos de licenciamiento, asegurar que est\u00e9n alineados con las mejores pr\u00e1cticas y promover una visi\u00f3n clara de la profesi\u00f3n. La regulaci\u00f3n no debe ser vista como un obst\u00e1culo, sino como un mecanismo de protecci\u00f3n al p\u00fablico y de fortalecimiento profesional.<\/p>\n\n\n\n<p class=\"p1\">En este contexto, han cobrado particular relevancia una serie de avances regulatorios que contribuyen directamente al fortalecimiento de la identidad profesional en Puerto Rico. La ampliaci\u00f3n de los ex\u00e1menes nacionales aceptados para fines de licenciamiento representa un paso importante hacia la alineaci\u00f3n con est\u00e1ndares reconocidos a nivel de Estados Unidos, promoviendo mayor movilidad profesional y asegurando la medici\u00f3n de competencias bajo criterios uniformes. De igual forma, la consolidaci\u00f3n de un proceso m\u00e1s estructurado y uniforme de supervisi\u00f3n posgraduada (conocido en Puerto Rico como mentor\u00eda) permite optimizar una transici\u00f3n entre la formaci\u00f3n acad\u00e9mica y la pr\u00e1ctica independiente, fortaleciendo las competencias cl\u00ednicas del profesional en etapas cr\u00edticas de desarrollo.<\/p>\n\n\n\n<p class=\"p1\">Asimismo, el reconocimiento formal de especialidades y subespecialidades dentro de la consejer\u00eda profesional por parte de la Junta Examinadora constituye un avance significativo en la definici\u00f3n del alcance profesional. Este reconocimiento no solo valida \u00e1reas de pr\u00e1ctica especializada, sino que tambi\u00e9n contribuye a una mayor claridad en la prestaci\u00f3n de servicios, en la formaci\u00f3n continua y en la diferenciaci\u00f3n del consejero profesional dentro del campo de la salud mental.<\/p>\n\n\n\n<p class=\"p1\">Asimismo, es indispensable fomentar una cultura de identidad profesional entre los propios consejeros. Esto incluye el uso consistente del t\u00edtulo profesional, la claridad en la descripci\u00f3n de los servicios que se ofrecen y la participaci\u00f3n activa en organizaciones profesionales. La identidad no se construye \u00fanicamente desde arriba; tambi\u00e9n se consolida en la pr\u00e1ctica diaria, en c\u00f3mo cada profesional se presenta, se posiciona y ejerce su rol.<\/p>\n\n\n\n<p class=\"p1\">Otro elemento esencial es la educaci\u00f3n al p\u00fablico. En Puerto Rico, a\u00fan existe confusi\u00f3n sobre qu\u00e9 hace un consejero profesional y c\u00f3mo se diferencia de otras profesiones de ayuda. Esta falta de claridad afecta el acceso a servicios y la valoraci\u00f3n de la profesi\u00f3n. Por tanto, es necesario desarrollar iniciativas educativas, campa\u00f1as de orientaci\u00f3n y espacios de di\u00e1logo que permitan visibilizar el alcance y la importancia de la consejer\u00eda profesional en la salud mental.<\/p>\n\n\n\n<p class=\"p1\">Finalmente, la identidad profesional del consejero en Puerto Rico debe ser vista como un proceso en construcci\u00f3n, pero no indefinido. Requiere direcci\u00f3n, coherencia y liderazgo. Desde nuestros roles en la academia, la formaci\u00f3n profesional y la regulaci\u00f3n, nos corresponde asumir la responsabilidad de establecer est\u00e1ndares claros, defender la profesi\u00f3n y garantizar que quienes egresan de nuestros programas est\u00e9n verdaderamente preparados para ejercer con competencia, \u00e9tica e integridad.<\/p>\n\n\n\n<p class=\"p1\">La identidad profesional no es un discurso; es una acci\u00f3n consistente. En el contexto actual de la salud mental en Puerto Rico, fortalecer esa identidad no es una opci\u00f3n, es una necesidad.<\/p>\n\n\n\n<p class=\"p1\">Autor:<\/p>\n\n\n\n<p class=\"p1\">Julio A. Cruz Rodr\u00edguez, Ed.D., NCC, ACS&nbsp;<\/p>\n\n\n\n<p class=\"p1\">Doctor en Educaci\u00f3n &#8211; Gerencia y Liderazgo Educativos<\/p>\n\n\n\n<p class=\"p1\">M.A. Consejer\u00eda Educativa<\/p>\n\n\n\n<p class=\"p1\">Postmaestr\u00eda en Consejer\u00eda en Salud Mental&nbsp;<\/p>\n\n\n\n<p class=\"p1\">Consejero Cl\u00ednico en Salud Mental<\/p>\n\n\n\n<p class=\"p1\">Licenciado en: Puerto Rico, Florida, Iowa, North Carolina, Nevada y Wisconsin&nbsp;<\/p>\n\n\n\n<p class=\"p1\">Consejero Educador y Supervisor<\/p>\n\n\n\n<p class=\"p1\">Director de Programa Acad\u00e9mico&nbsp;<\/p>\n\n\n\n<p class=\"p1\">Vice-presidente de la Junta Examinadora de Consejeros Profesionales de Puerto Rico<\/p>\n","protected":false},"excerpt":{"rendered":"<p>La identidad del consejero profesional en Puerto Rico es un tema que no solo requiere claridad conceptual, sino tambi\u00e9n acci\u00f3n intencional desde los espacios acad\u00e9micos, regulatorios y cl\u00ednicos. No se [&hellip;]<\/p>\n","protected":false},"author":1,"featured_media":0,"comment_status":"open","ping_status":"open","sticky":false,"template":"","format":"standard","meta":{"_jetpack_memberships_contains_paid_content":false,"footnotes":"","jetpack_publicize_message":"Identidad del Consejero Profesional en Puerto Rico","jetpack_publicize_feature_enabled":true,"jetpack_social_post_already_shared":true,"jetpack_social_options":{"image_generator_settings":{"template":"highway","enabled":false},"version":2}},"categories":[6],"tags":[],"class_list":["post-1328","post","type-post","status-publish","format-standard","hentry","category-notices"],"jetpack_publicize_connections":[],"jetpack_featured_media_url":"","jetpack_sharing_enabled":true,"jetpack_shortlink":"https:\/\/wp.me\/pal6D3-lq","_links":{"self":[{"href":"https:\/\/www.consejeriayliderazgopr.com\/portal\/wp-json\/wp\/v2\/posts\/1328","targetHints":{"allow":["GET"]}}],"collection":[{"href":"https:\/\/www.consejeriayliderazgopr.com\/portal\/wp-json\/wp\/v2\/posts"}],"about":[{"href":"https:\/\/www.consejeriayliderazgopr.com\/portal\/wp-json\/wp\/v2\/types\/post"}],"author":[{"embeddable":true,"href":"https:\/\/www.consejeriayliderazgopr.com\/portal\/wp-json\/wp\/v2\/users\/1"}],"replies":[{"embeddable":true,"href":"https:\/\/www.consejeriayliderazgopr.com\/portal\/wp-json\/wp\/v2\/comments?post=1328"}],"version-history":[{"count":0,"href":"https:\/\/www.consejeriayliderazgopr.com\/portal\/wp-json\/wp\/v2\/posts\/1328\/revisions"}],"wp:attachment":[{"href":"https:\/\/www.consejeriayliderazgopr.com\/portal\/wp-json\/wp\/v2\/media?parent=1328"}],"wp:term":[{"taxonomy":"category","embeddable":true,"href":"https:\/\/www.consejeriayliderazgopr.com\/portal\/wp-json\/wp\/v2\/categories?post=1328"},{"taxonomy":"post_tag","embeddable":true,"href":"https:\/\/www.consejeriayliderazgopr.com\/portal\/wp-json\/wp\/v2\/tags?post=1328"}],"curies":[{"name":"wp","href":"https:\/\/api.w.org\/{rel}","templated":true}]}}