{"id":421,"date":"2018-07-26T15:38:30","date_gmt":"2018-07-26T19:38:30","guid":{"rendered":"http:\/\/www.consejeriayliderazgopr.com\/portal\/?p=421"},"modified":"2023-09-05T18:13:09","modified_gmt":"2023-09-05T22:13:09","slug":"dr-julio-a-cruz-rodriguez","status":"publish","type":"post","link":"https:\/\/www.consejeriayliderazgopr.com\/portal\/dr-julio-a-cruz-rodriguez\/","title":{"rendered":"Dr. Julio A. Cruz Rodr\u00edguez"},"content":{"rendered":"<p><a href=\"https:\/\/i0.wp.com\/www.consejeriayliderazgopr.com\/portal\/wp-content\/uploads\/2018\/07\/FB_IMG_1532307186808.jpg\"><img data-recalc-dims=\"1\" loading=\"lazy\" decoding=\"async\" class=\"size-medium wp-image-352 alignleft\" src=\"https:\/\/i0.wp.com\/www.consejeriayliderazgopr.com\/portal\/wp-content\/uploads\/2018\/07\/FB_IMG_1532307186808.jpg?resize=300%2C300\" alt=\"\" width=\"300\" height=\"300\" srcset=\"https:\/\/i0.wp.com\/www.consejeriayliderazgopr.com\/portal\/wp-content\/uploads\/2018\/07\/FB_IMG_1532307186808.jpg?resize=300%2C300&amp;ssl=1 300w, https:\/\/i0.wp.com\/www.consejeriayliderazgopr.com\/portal\/wp-content\/uploads\/2018\/07\/FB_IMG_1532307186808.jpg?resize=150%2C150&amp;ssl=1 150w, https:\/\/i0.wp.com\/www.consejeriayliderazgopr.com\/portal\/wp-content\/uploads\/2018\/07\/FB_IMG_1532307186808.jpg?resize=768%2C769&amp;ssl=1 768w, https:\/\/i0.wp.com\/www.consejeriayliderazgopr.com\/portal\/wp-content\/uploads\/2018\/07\/FB_IMG_1532307186808.jpg?resize=1024%2C1024&amp;ssl=1 1024w, https:\/\/i0.wp.com\/www.consejeriayliderazgopr.com\/portal\/wp-content\/uploads\/2018\/07\/FB_IMG_1532307186808.jpg?w=1439&amp;ssl=1 1439w, https:\/\/i0.wp.com\/www.consejeriayliderazgopr.com\/portal\/wp-content\/uploads\/2018\/07\/FB_IMG_1532307186808.jpg?w=1280 1280w\" sizes=\"auto, (max-width: 300px) 100vw, 300px\" \/><\/a>Julio A. Cruz Rodr\u00edguez posee un Bachillerato en Artes en Psicolog\u00eda (2012) del Recinto de Mayaguez de la Universidad de Puerto Rico. \u00a0Posee una Maestr\u00eda en Artes en Educaci\u00f3n con especialidad en Consejer\u00eda (2014) y un Doctorado en Educaci\u00f3n con especialidad en Gerencia y Liderazgo Educativos (2018), ambos del Recinto de San German de la Universidad Interamericana de Puerto Rico. Su tema de investigaci\u00f3n doctoral fue\u00a0<em>Percepci\u00f3n de los estudiantes, seg\u00fan su g\u00e9nero y ocupaci\u00f3n, sobre los roles de educadores y supervisores de los Consejeros Profesionales durante el curso de pr\u00e1ctica. <\/em>En el 2022 complet\u00f3 el Certificado del Programa de Preparaci\u00f3n de Post-Maestr\u00eda en Consejer\u00eda en Salud Mental de Lamar University, Texas. Posee un <em>Posgrado en Terapia Sexual<\/em> del\u00a0Instituto Internacional de Terapia y Educaci\u00f3n Sexual,\u00a0un\u00a0<em>Posgrado en Psicooncolog\u00eda\u00a0<\/em>y un\u00a0<i>Posgrado en Atenci\u00f3n a Familias y\u00a0Terapia Emocional en Situaci\u00f3n de Duelo, ambos del Instituto Euroinnova Espa\u00f1a.<\/i><\/p>\n<p>Posee la\u00a0<em>Licencia de Consejero Profesional<\/em>, otorgada por el Departamento de Salud de Puerto Rico y es\u00a0<em>Mentor Certificado<\/em>\u00a0de la Junta Examinadora de Consejeros Profesionales de Puerto Rico. Tambien est\u00e1 certificado como <em>Consejero Escolar <\/em>por el Departamento de Educaci\u00f3n de Puerto Rico,\u00a0<em>Certified Telehealth Practitioner<\/em> (CTP) por The Florida Certification Board y\u00a0<em>Certified Clinical Telemental Health Provider<\/em> por EverGreen. Adem\u00e1s, posee las siguientes certificaciones otorgadas por Telehealth Certification Institute:\u00a0<em>TeleMental Health Training Certificate\u00a0<\/em>(THTC),\u00a0<em>Telehealth Director and Coordinator Certificate <\/em>(THDC),\u00a0<em>Clinical Military Counselor Certificate\u00a0<\/em>(CMCC),\u00a0<i>Mandated Reporter Training Certificate\u00a0<\/i>(MRTC),\u00a0<em>Clinical Supervision Certificate\u00a0<\/em>(CSC) y\u00a0<em>Grief Counseling Training Certificate\u00a0<\/em>(GCTC).<\/p>\n<p>Posee una<em>\u00a0Diplomatura en Mindfulness\u00a0<\/em>del Centro Argentino de Terapia Racional Emotiva Conductual y un<em>\u00a0Diplomado en Orientaci\u00f3n Vocacional\u00a0<\/em>del Centro IPPC de Psicoterapia Cognitiva de Argentina<em>.\u00a0<\/em>Adem\u00e1s, posee una Certificaci\u00f3n Profesional de Convivencia y Acoso Escolar otorgada por\u00a0<em>PR Stop Bullying Association,\u00a0<\/em>la\u00a0<em>Certificaci\u00f3n en Inteligencia Emocional<\/em>\u00a0otorgada por el Centro de Formaci\u00f3n Cont\u00ednua de la Universidad Camilo Jos\u00e9 Cela de Espa\u00f1a y la\u00a0<em>Certificaci\u00f3n Internacional en Psicolog\u00eda para Adultos\u00a0<\/em>en el Instituto HES de Espa\u00f1a. Adem\u00e1s, posee las siguientes certificaciones profesionales:\u00a0<i>Consejer\u00eda Cl\u00ednica en Salud Mental, Evaluaci\u00f3n en Salud Mental, Intervenci\u00f3n y\u00a0Terapia en Violencia de G\u00e9nero, Consejer\u00eda en Des\u00f3rdenes Adictivos y Salud Mental, Consejer\u00eda Familiar y de Parejas, Consejer\u00eda en Duelo, Terapia de Grupo y Evaluaci\u00f3n y\u00a0Terapia Educativa. <\/i>Actualmente cursa el\u00a0<em>Master en Psicolog\u00eda de la Actividad F\u00edsica y el Deporte.<\/em><\/p>\n<p>Es Fundador y Director del Centro de Apoyo Psicosocial y Recursos Educativos para el Desarrollo (2019 al presente), ubicado en San Germ\u00e1n. En esta organizaci\u00f3n es Supervisor Cl\u00ednico del Programa de Pr\u00e1ctica Supervisado e Internado en Consejer\u00eda Profesional. Es Fundador y Asesor Ejecutivo de la Alianza de Consejeros Profesionales de Puerto Rico (2020 al presente), entidad en la cual abogan por el desarrollo de la Consejer\u00eda y de la futura generaci\u00f3n de Consejeros Profesionales. Es Fundador y Director de la Fundaci\u00f3n\u00a0<em>No M\u00e1s Bullying, Ori\u00e9ntate y Act\u00faa, Inc.<\/em>\u00a0(2013 al presente) y de la Organizaci\u00f3n Profesional\u00a0<em>Ecos Educativos, Inc. <\/em>(2015 al presente). Adem\u00e1s, fund\u00f3 y presidi\u00f3 la Asociaci\u00f3n de Estudiantes Graduados de Educaci\u00f3n del Recinto de San Germ\u00e1n de la Universidad Interamericana de Puerto Rico (2013 &#8211; 2016). Ah\u00ed mismo, labora como Profesor a Jornada Parcial desde el 2016, ofreciendo cursos del Programa Graduado de Consejer\u00eda y del Programa Doctoral en Educaci\u00f3n del Departamento de Ciencias Sociales, Educaci\u00f3n y Humanidades, as\u00f3 como dirigiendo y participando de comit\u00e9s de disertaci\u00f3n doctoral de los programas de Gerencia y Liderazgo Educativos, Curr\u00edculo y Ense\u00f1anza y Consejer\u00eda. Ha ense\u00f1ado cursos como:\u00a0<em>La consejer\u00eda profesional, el consejero y el DSM-5<\/em>;\u00a0<em>Seminario Integrador de Consejer\u00eda; Principios de Consejer\u00eda; Fundamentos de la Consejer\u00eda y \u00c9tica Profesional<\/em>;\u00a0<em>Desarrollo de Vida y Carrera<\/em>;\u00a0<em>Assessment del Individuo;<\/em>\u00a0<em>Consejer\u00edas Grupal;<\/em>\u00a0<em>Teor\u00eda y Pr\u00e1ctica de la Supervisi\u00f3n en Consejer\u00eda; Consejer\u00eda Individual, Consejer\u00eda y Consultor\u00eda Familiar, Consejer\u00eda para la Transici\u00f3n de Vida y Carrera, Consejer\u00eda de Ni\u00f1os y Adolescentes y La Neurociencia aplicada al Curr\u00edculo y la Ense\u00f1anza.<\/em><\/p>\n<p>Ofreci\u00f3 servicios Pro-Bono como Consejero Profesional Colaborador del Programa de Orientaci\u00f3n y Consejer\u00eda del Nivel Secundario de la Escuela San Germ\u00e1n Interamericana (2015-2016). Labor\u00f3 como Consejero Profesional en el Centro de Apoyo Sustentable al Alumno (Prograa CASA) del Recinto de San Germ\u00e1n de la Universidad Interamericana de Puerto Rico (2016-2017). Desde el 2017 labora como Consejero Profesional del Centro de Aprendizaje y \u00c9xito RUMbo EX\u00a0del Recinto Universitario de Mayaguez de la Universidad de Puerto Rico, coordinando el programa para estudiantes de primer a\u00f1o, ofreciendo servicios de consejer\u00eda profesional y supervisando estudiantes subgraduados en pr\u00e1ctica de consejer\u00eda y psicolog\u00eda.<\/p>\n<p>Se interesa en la consejer\u00eda para ni\u00f1os, adolescentes, adultos y envejecientes; consejer\u00eda de familia; consejer\u00eda de carreras; consejer\u00eda grupal; consejer\u00eda en p\u00e9rdidas y duelo; consejer\u00eda en salud mental oncol\u00f3gica, consejer\u00eda deportiva y para el bienestar de atletas, y educaci\u00f3n y supervisi\u00f3n de consejeros en adiestramiento. Adem\u00e1s, se interesa en la prevenci\u00f3n, intervenci\u00f3n y seguimiento del\u00a0<em>bullying,\u00a0<\/em>as\u00ed como en la prevenci\u00f3n de conductas adictivas.<\/p>\n<p>Es pionero en el ofrecimiento de la Certificaci\u00f3n Profesional en Consejer\u00eda y Terapia a Distancia desde el 2020. Adem\u00e1s, ha ofrecido las Certificaciones Profesionales en: Evaluaci\u00f3n y Consejer\u00eda de Carrera, Intervenci\u00f3n y Consejer\u00eda Grupal, Intervenci\u00f3n y Consejer\u00eda en P\u00e9rdidas y Duelo y Consejer\u00eda Familiar y de Parejas. Es pionero en adiestramientos en Consejer\u00eda en Salud Mental Oncol\u00f3gica y Sexolog\u00eda Cl\u00ednica. Adem\u00e1s, ha adiestrado a estudiantes y profesionales en temas de: El Proceso y la Intervenci\u00f3n en P\u00e9rdidas y Duelo; Detecci\u00f3n, Prevenci\u00f3n e Intervenci\u00f3n en Bullying; Intervenci\u00f3n y Consejer\u00eda Grupal; Teor\u00edas Contempor\u00e1neas en el Proceso de Ayuda; Destrezas de Consejer\u00eda y Manejo de Expedientes; Intervenci\u00f3n en Crisis, Prevenci\u00f3n de Infecciones de Transmisi\u00f3n Sexual; y Evaluaci\u00f3n en Salud Mental.<\/p>\n","protected":false},"excerpt":{"rendered":"<p>Julio A. Cruz Rodr\u00edguez posee un Bachillerato en Artes en Psicolog\u00eda (2012) del Recinto de Mayaguez de la Universidad de Puerto Rico. \u00a0Posee una Maestr\u00eda en Artes en Educaci\u00f3n con [&hellip;]<\/p>\n","protected":false},"author":1,"featured_media":0,"comment_status":"closed","ping_status":"closed","sticky":false,"template":"","format":"standard","meta":{"_jetpack_memberships_contains_paid_content":false,"footnotes":"","jetpack_publicize_message":"","jetpack_publicize_feature_enabled":true,"jetpack_social_post_already_shared":false,"jetpack_social_options":{"image_generator_settings":{"template":"highway","enabled":false},"version":2}},"categories":[1],"tags":[],"class_list":["post-421","post","type-post","status-publish","format-standard","hentry","category-sin-categoria"],"jetpack_publicize_connections":[],"jetpack_featured_media_url":"","jetpack_sharing_enabled":true,"jetpack_shortlink":"https:\/\/wp.me\/pal6D3-6N","_links":{"self":[{"href":"https:\/\/www.consejeriayliderazgopr.com\/portal\/wp-json\/wp\/v2\/posts\/421","targetHints":{"allow":["GET"]}}],"collection":[{"href":"https:\/\/www.consejeriayliderazgopr.com\/portal\/wp-json\/wp\/v2\/posts"}],"about":[{"href":"https:\/\/www.consejeriayliderazgopr.com\/portal\/wp-json\/wp\/v2\/types\/post"}],"author":[{"embeddable":true,"href":"https:\/\/www.consejeriayliderazgopr.com\/portal\/wp-json\/wp\/v2\/users\/1"}],"replies":[{"embeddable":true,"href":"https:\/\/www.consejeriayliderazgopr.com\/portal\/wp-json\/wp\/v2\/comments?post=421"}],"version-history":[{"count":13,"href":"https:\/\/www.consejeriayliderazgopr.com\/portal\/wp-json\/wp\/v2\/posts\/421\/revisions"}],"predecessor-version":[{"id":1261,"href":"https:\/\/www.consejeriayliderazgopr.com\/portal\/wp-json\/wp\/v2\/posts\/421\/revisions\/1261"}],"wp:attachment":[{"href":"https:\/\/www.consejeriayliderazgopr.com\/portal\/wp-json\/wp\/v2\/media?parent=421"}],"wp:term":[{"taxonomy":"category","embeddable":true,"href":"https:\/\/www.consejeriayliderazgopr.com\/portal\/wp-json\/wp\/v2\/categories?post=421"},{"taxonomy":"post_tag","embeddable":true,"href":"https:\/\/www.consejeriayliderazgopr.com\/portal\/wp-json\/wp\/v2\/tags?post=421"}],"curies":[{"name":"wp","href":"https:\/\/api.w.org\/{rel}","templated":true}]}}