{"id":637,"date":"2018-09-30T17:47:37","date_gmt":"2018-09-30T21:47:37","guid":{"rendered":"http:\/\/www.consejeriayliderazgopr.com\/portal\/?p=637"},"modified":"2018-09-30T17:49:57","modified_gmt":"2018-09-30T21:49:57","slug":"salud-emocional-en-puerto-rico-que-hacer","status":"publish","type":"post","link":"https:\/\/www.consejeriayliderazgopr.com\/portal\/salud-emocional-en-puerto-rico-que-hacer\/","title":{"rendered":"Salud Emocional en Puerto Rico: \u00bfQu\u00e9 hacer?"},"content":{"rendered":"<p>\u00bfSiente que no puede controlar sus emociones o no puede manejar las situaciones de la vida? \u00bfSe le hace dif\u00edcil establecer relaciones fuertes y duraderas? \u00bfNo se recupera f\u00e1cilmente de las adversidades? Entonces, puede que su salud emocional est\u00e9 afectada. (1)<\/p>\n<p>Cuando hablamos de salud emocional nos referimos a que tenga la capacidad de manejar responsablemente los sentimientos, pensamientos y comportamientos. Esto implica que pueda identificar sus emociones y aceptar que las est\u00e1 experimentando. (2)<\/p>\n<p>Personas con salud emocional pueden controlar asertivamente sus sentimientos y se pueden sentir bien consigo mismo. Adem\u00e1s, mantienen buenas relaciones personales y saben c\u00f3mo enfrentar el estr\u00e9s y los problemas cotidianos de la vida. (3)<\/p>\n<p>Por tanto, para expresar sus sentimientos adecuadamente debe: pensar antes de actuar, llevar una vida balanceada realizando actividades de ocio, cuidar su salud f\u00edsica haciendo ejercicio y aliment\u00e1ndose adecuadamente.<br \/>\n\u00bfD\u00f3nde estamos en Puerto Rico?<\/p>\n<p>En el 2015, la Organizaci\u00f3n Mundial de la Salud y el Instituto de Estad\u00edsticas realizaron una evaluaci\u00f3n del Sistema de Salud Mental En Puerto Rico de Puerto Rico, donde se concluy\u00f3 que (4):<\/p>\n<p>-Un 10% del presupuesto de salud se utiliz\u00f3 para servicios de salud mental,<br \/>\ndirigiendo un 15% del mismo a hospitales psiqui\u00e1tricos.<br \/>\n&#8211; El 30% de los pacientes atendidos en lugares ambulatorios de salud mental fueron menores de 18 a\u00f1os.<br \/>\n-El 52% de los atendidos fueron mujeres.<br \/>\n-Aproximadamente, el 50% de las camas psiqui\u00e1tricas estaban en San Juan.<\/p>\n<p>Entonces me planteo las siguientes preguntas:<\/p>\n<p>\u00bfQu\u00e9 est\u00e1n haciendo las agencias correspondientes para trabajar en beneficio de la salud mental de las personas?<br \/>\n\u00bfD\u00f3nde est\u00e1n los programas psicoeducativos?<br \/>\n\u00bfQu\u00e9 estrategias de prevenci\u00f3n se est\u00e1n implementando?<br \/>\n\u00bfSab\u00eda el gobierno que muchos de los problemas sociales tienen base en la salud mental?<br \/>\n\u00bfSaben por qu\u00e9 un 30% de los pacientes atendidos en lugares ambulatorios de salud mental fueron menores de 18 a\u00f1os?<\/p>\n<p>Yo les tengo la respuesta: Porque olvidamos que hay que comenzar a trabajar con las personas desde que son ni\u00f1os; la base firme se crea y fortalece en la ni\u00f1ez, no de adulto. Adem\u00e1s, \u00bfd\u00f3nde est\u00e1n los Consejeros Profesionales que ofrecen servicios en el nivel elemental? La respuesta: fuera del panorama. En el 2011, el Secretario de Educaci\u00f3n removi\u00f3 a los consejeros profesionales del nivel elemental para nivel superior, dejando sin reemplazo las vacantes. \u00bfC\u00f3mo queremos que los ni\u00f1os puedan sobrepasar las barreras normales y adicionales durante el desarrollo si les privan de recibir la ayuda profesional en el escenario escolar? No todas las familias pueden sufragar los costos de un profesional de ayuda en pr\u00e1ctica privada. No se puede continuar desvirtuando la funci\u00f3n del consejero; el Consejero Profesional es para ayudar a los estudiantes con las situaciones cotidianas en las \u00e1reas: personal\/social, acad\u00e9mica\/educativa y vocacional\/de carrera, no para completar documentos o hacer evaluaciones acad\u00e9micas la mayor\u00eda del tiempo.<\/p>\n<p>Enlaces de referencia:<\/p>\n<p>(1)http:\/\/www.taupadapsicologia.com\/single-post\/2016\/06\/29\/La-importancia-de-cuidar-nuestra-salud-emocional<\/p>\n<p>(2)http:\/\/www.exito-motivacion-y-superacionpersonal.com\/salud.html<\/p>\n<p>(3)http:\/\/gnpcuidatusalud.com\/blog\/bienestar\/la-importancia-de-la-salud-emocional<\/p>\n<p>(4)http:\/\/www.estadisticas.gobierno.pr\/iepr\/LinkClick.aspx?fileticket=bKa74MY_hOI%3D &amp;tabid=39&amp;mid=590<\/p>\n","protected":false},"excerpt":{"rendered":"<p>\u00bfSiente que no puede controlar sus emociones o no puede manejar las situaciones de la vida? \u00bfSe le hace dif\u00edcil establecer relaciones fuertes y duraderas? \u00bfNo se recupera f\u00e1cilmente de [&hellip;]<\/p>\n","protected":false},"author":1,"featured_media":639,"comment_status":"open","ping_status":"open","sticky":false,"template":"","format":"standard","meta":{"_jetpack_memberships_contains_paid_content":false,"footnotes":"","jetpack_publicize_message":"","jetpack_publicize_feature_enabled":true,"jetpack_social_post_already_shared":false,"jetpack_social_options":{"image_generator_settings":{"template":"highway","enabled":false},"version":2}},"categories":[6],"tags":[],"class_list":["post-637","post","type-post","status-publish","format-standard","has-post-thumbnail","hentry","category-notices"],"jetpack_publicize_connections":[],"jetpack_featured_media_url":"https:\/\/i0.wp.com\/www.consejeriayliderazgopr.com\/portal\/wp-content\/uploads\/2018\/09\/Foto-Mental-Health.png?fit=960%2C639&ssl=1","jetpack_sharing_enabled":true,"jetpack_shortlink":"https:\/\/wp.me\/pal6D3-ah","_links":{"self":[{"href":"https:\/\/www.consejeriayliderazgopr.com\/portal\/wp-json\/wp\/v2\/posts\/637","targetHints":{"allow":["GET"]}}],"collection":[{"href":"https:\/\/www.consejeriayliderazgopr.com\/portal\/wp-json\/wp\/v2\/posts"}],"about":[{"href":"https:\/\/www.consejeriayliderazgopr.com\/portal\/wp-json\/wp\/v2\/types\/post"}],"author":[{"embeddable":true,"href":"https:\/\/www.consejeriayliderazgopr.com\/portal\/wp-json\/wp\/v2\/users\/1"}],"replies":[{"embeddable":true,"href":"https:\/\/www.consejeriayliderazgopr.com\/portal\/wp-json\/wp\/v2\/comments?post=637"}],"version-history":[{"count":1,"href":"https:\/\/www.consejeriayliderazgopr.com\/portal\/wp-json\/wp\/v2\/posts\/637\/revisions"}],"predecessor-version":[{"id":638,"href":"https:\/\/www.consejeriayliderazgopr.com\/portal\/wp-json\/wp\/v2\/posts\/637\/revisions\/638"}],"wp:featuredmedia":[{"embeddable":true,"href":"https:\/\/www.consejeriayliderazgopr.com\/portal\/wp-json\/wp\/v2\/media\/639"}],"wp:attachment":[{"href":"https:\/\/www.consejeriayliderazgopr.com\/portal\/wp-json\/wp\/v2\/media?parent=637"}],"wp:term":[{"taxonomy":"category","embeddable":true,"href":"https:\/\/www.consejeriayliderazgopr.com\/portal\/wp-json\/wp\/v2\/categories?post=637"},{"taxonomy":"post_tag","embeddable":true,"href":"https:\/\/www.consejeriayliderazgopr.com\/portal\/wp-json\/wp\/v2\/tags?post=637"}],"curies":[{"name":"wp","href":"https:\/\/api.w.org\/{rel}","templated":true}]}}