{"id":790,"date":"2018-10-12T11:59:14","date_gmt":"2018-10-12T15:59:14","guid":{"rendered":"http:\/\/www.consejeriayliderazgopr.com\/portal\/?p=790"},"modified":"2018-10-12T20:53:08","modified_gmt":"2018-10-13T00:53:08","slug":"el-rol-de-los-padres-en-la-educacion-de-sus-hijos","status":"publish","type":"post","link":"https:\/\/www.consejeriayliderazgopr.com\/portal\/el-rol-de-los-padres-en-la-educacion-de-sus-hijos\/","title":{"rendered":"El rol de los padres en la educaci\u00f3n de sus hijos"},"content":{"rendered":"<p><a href=\"https:\/\/i0.wp.com\/www.consejeriayliderazgopr.com\/portal\/wp-content\/uploads\/2018\/10\/Foto-Rol-de-los-padres.jpg\"><img data-recalc-dims=\"1\" loading=\"lazy\" decoding=\"async\" class=\"size-medium wp-image-792 alignright\" src=\"https:\/\/i0.wp.com\/www.consejeriayliderazgopr.com\/portal\/wp-content\/uploads\/2018\/10\/Foto-Rol-de-los-padres.jpg?resize=300%2C206\" alt=\"\" width=\"300\" height=\"206\" srcset=\"https:\/\/i0.wp.com\/www.consejeriayliderazgopr.com\/portal\/wp-content\/uploads\/2018\/10\/Foto-Rol-de-los-padres.jpg?resize=300%2C206&amp;ssl=1 300w, https:\/\/i0.wp.com\/www.consejeriayliderazgopr.com\/portal\/wp-content\/uploads\/2018\/10\/Foto-Rol-de-los-padres.jpg?resize=768%2C528&amp;ssl=1 768w, https:\/\/i0.wp.com\/www.consejeriayliderazgopr.com\/portal\/wp-content\/uploads\/2018\/10\/Foto-Rol-de-los-padres.jpg?w=849&amp;ssl=1 849w\" sizes=\"auto, (max-width: 300px) 100vw, 300px\" \/><\/a>Se insiste mucho en la participaci\u00f3n activa de los padres en la educaci\u00f3n formal de sus hijos. \u00bfAlguna vez te has preguntado c\u00f3mo esto influye en el proceso de aprendizaje? \u00bfY si te digo que tu presencia o ausencia en este aspecto puede influir en las emociones de \u00e9l o ella?<\/p>\n<p>Muchos padres piensan que la escuela es el \u00fanico responsable de la educaci\u00f3n de sus hijos y que con la formaci\u00f3n que esta ofrece es suficiente. Sin embargo, la realidad es que esto no es mas que un pensamiento err\u00f3neo y da\u00f1ino. Los ni\u00f1os pasan casi todo el d\u00eda en la escuela, de hecho, pasan m\u00e1s tiempo all\u00ed que en sus hogares. Si los padres no hacen un esfuerzo por participar en este proceso, es muy probable que su rendimiento acad\u00e9mico se vea afectado y que no se sientan apoyados por las figuras m\u00e1s significativas de sus vidas.<\/p>\n<p>Es importante comprender que los hijos son un reflejo de los padres en muchos aspectos. Si ellos ven que te est\u00e1s interesando por sus estudios, ellos tambi\u00e9n lo har\u00e1n. Si, por el contrario, ellos ven que no le demuestras inter\u00e9s por su educaci\u00f3n, probablemente ellos tampoco lo demostrar\u00e1n. El involucrarnos en este proceso es vital ya que nos brindar\u00e1 la oportunidad para compartir otros asuntos. Es como una puerta que se abre a otras experiencias que se pudieran compartir, tales como: el logro, la celebraci\u00f3n, el sentido de pertenencia, la conexi\u00f3n familiar, entre otras. Tal como lo lees, tu participaci\u00f3n activa no solo influye en su rendimiento acad\u00e9mico sino que tambi\u00e9n en la autoestima, emociones y comportamiento de tu hijo.<\/p>\n<p>Para fomentar la autoconfiaza en sus hijos, para que se sientan apoyados y propicies las condiciones necesarias para su \u00e9xito acad\u00e9mico, les comparto las siguientes recomendaciones:<br \/>\n\uf076 Mant\u00e9ngase en comunicaci\u00f3n activa con los maestros.<br \/>\n\uf076 No importa la edad de su hijo, preg\u00fantele si necesita ayuda para estudiar.<br \/>\n\uf076 Reconozca las oportunidades a mejorar de su hijo y, de ser necesario, busque ayuda.<br \/>\n\uf076 Ay\u00fadelo a fomentar h\u00e1bitos de estudio.<br \/>\n\uf076 Ay\u00fadelo a identificar qu\u00e9 t\u00e9cnica de estudio es con la que mejor resultados obtiene.<br \/>\n\uf076 Rod\u00e9elo de libros con lecturas de su inter\u00e9s.<br \/>\n\uf076 Asista a las actividades extracurriculares.<br \/>\n\uf076 Refuerce sus logros.<br \/>\n\uf076 Tenga presente que todos los ni\u00f1os son distintos y aprenden de manera diferente.<br \/>\n\uf076 Mot\u00edvelo para que en una pr\u00f3xima ocasi\u00f3n haya un mejor resultado.<br \/>\n\uf076 \u00a1Sea parte de sus logros, que sea una celebraci\u00f3n familiar tras un trabajo en equipo valioso!<\/p>\n<p>Referencia:<br \/>\nEducar Chile. Aprendiendo en familia. 2013. Comit\u00e9 Editorial. Chile.<\/p>\n","protected":false},"excerpt":{"rendered":"<p>Se insiste mucho en la participaci\u00f3n activa de los padres en la educaci\u00f3n formal de sus hijos. \u00bfAlguna vez te has preguntado c\u00f3mo esto influye en el proceso de aprendizaje? [&hellip;]<\/p>\n","protected":false},"author":2,"featured_media":792,"comment_status":"open","ping_status":"open","sticky":false,"template":"","format":"standard","meta":{"_jetpack_memberships_contains_paid_content":false,"footnotes":"","jetpack_publicize_message":"","jetpack_publicize_feature_enabled":true,"jetpack_social_post_already_shared":true,"jetpack_social_options":{"image_generator_settings":{"template":"highway","enabled":false},"version":2}},"categories":[4],"tags":[],"class_list":["post-790","post","type-post","status-publish","format-standard","has-post-thumbnail","hentry","category-blog"],"jetpack_publicize_connections":[],"jetpack_featured_media_url":"https:\/\/i0.wp.com\/www.consejeriayliderazgopr.com\/portal\/wp-content\/uploads\/2018\/10\/Foto-Rol-de-los-padres.jpg?fit=849%2C584&ssl=1","jetpack_sharing_enabled":true,"jetpack_shortlink":"https:\/\/wp.me\/pal6D3-cK","_links":{"self":[{"href":"https:\/\/www.consejeriayliderazgopr.com\/portal\/wp-json\/wp\/v2\/posts\/790","targetHints":{"allow":["GET"]}}],"collection":[{"href":"https:\/\/www.consejeriayliderazgopr.com\/portal\/wp-json\/wp\/v2\/posts"}],"about":[{"href":"https:\/\/www.consejeriayliderazgopr.com\/portal\/wp-json\/wp\/v2\/types\/post"}],"author":[{"embeddable":true,"href":"https:\/\/www.consejeriayliderazgopr.com\/portal\/wp-json\/wp\/v2\/users\/2"}],"replies":[{"embeddable":true,"href":"https:\/\/www.consejeriayliderazgopr.com\/portal\/wp-json\/wp\/v2\/comments?post=790"}],"version-history":[{"count":4,"href":"https:\/\/www.consejeriayliderazgopr.com\/portal\/wp-json\/wp\/v2\/posts\/790\/revisions"}],"predecessor-version":[{"id":803,"href":"https:\/\/www.consejeriayliderazgopr.com\/portal\/wp-json\/wp\/v2\/posts\/790\/revisions\/803"}],"wp:featuredmedia":[{"embeddable":true,"href":"https:\/\/www.consejeriayliderazgopr.com\/portal\/wp-json\/wp\/v2\/media\/792"}],"wp:attachment":[{"href":"https:\/\/www.consejeriayliderazgopr.com\/portal\/wp-json\/wp\/v2\/media?parent=790"}],"wp:term":[{"taxonomy":"category","embeddable":true,"href":"https:\/\/www.consejeriayliderazgopr.com\/portal\/wp-json\/wp\/v2\/categories?post=790"},{"taxonomy":"post_tag","embeddable":true,"href":"https:\/\/www.consejeriayliderazgopr.com\/portal\/wp-json\/wp\/v2\/tags?post=790"}],"curies":[{"name":"wp","href":"https:\/\/api.w.org\/{rel}","templated":true}]}}