{"id":886,"date":"2019-01-19T19:20:51","date_gmt":"2019-01-19T23:20:51","guid":{"rendered":"http:\/\/www.consejeriayliderazgopr.com\/portal\/dormir-menos-de-6-horas-al-dia-aumenta-riesgo-cardiovascular\/"},"modified":"2019-01-19T19:20:51","modified_gmt":"2019-01-19T23:20:51","slug":"dormir-menos-de-6-horas-al-dia-aumenta-riesgo-cardiovascular","status":"publish","type":"post","link":"https:\/\/www.consejeriayliderazgopr.com\/portal\/dormir-menos-de-6-horas-al-dia-aumenta-riesgo-cardiovascular\/","title":{"rendered":"Dormir menos de 6 horas al d\u00eda aumenta riesgo cardiovascular"},"content":{"rendered":"<p class=\"introtext\" style=\"box-sizing: border-box; margin: 0px 0px 10px; font-size: 16px; font-weight: bold; caret-color: rgb(51, 51, 51); color: rgb(51, 51, 51); font-family: \"Helvetica Neue\", Helvetica, Arial, sans-serif; font-style: normal; font-variant-caps: normal; letter-spacing: normal; orphans: auto; text-align: start; text-indent: 0px; text-transform: none; white-space: normal; widows: auto; word-spacing: 0px; -webkit-tap-highlight-color: rgba(0, 0, 0, 0); -webkit-text-size-adjust: 100%; -webkit-text-stroke-width: 0px; text-decoration: none\"><strong>Investigadores prueban que dormir mal o menos de 6 horas al d\u00eda puede provocar problemas de salud, entre ellos aumentar el riesgo cardiovascular.<\/strong><\/p>\n<p style=\"box-sizing: border-box; margin: 0px 0px 10px; font-size: 16px; caret-color: rgb(51, 51, 51); color: rgb(51, 51, 51); font-family: \"Helvetica Neue\", Helvetica, Arial, sans-serif; font-style: normal; font-variant-caps: normal; font-weight: normal; letter-spacing: normal; orphans: auto; text-align: start; text-indent: 0px; text-transform: none; white-space: normal; widows: auto; word-spacing: 0px; -webkit-tap-highlight-color: rgba(0, 0, 0, 0); -webkit-text-size-adjust: 100%; -webkit-text-stroke-width: 0px; text-decoration: none\">El colesterol alto, la hipertensi\u00f3n, la falta de ejercicio o la obesidad son factores de riesgo cardiovascular, pero no solo: un nuevo estudio se\u00f1ala que dormir menos de seis horas al d\u00eda y\/o hacerlo de manera discontinua o superficial implica tambi\u00e9n mayor peligro de enfermedad del coraz\u00f3n.<\/p>\n<p style=\"box-sizing: border-box; margin: 0px 0px 10px; font-size: 16px; caret-color: rgb(51, 51, 51); color: rgb(51, 51, 51); font-family: \"Helvetica Neue\", Helvetica, Arial, sans-serif; font-style: normal; font-variant-caps: normal; font-weight: normal; letter-spacing: normal; orphans: auto; text-align: start; text-indent: 0px; text-transform: none; white-space: normal; widows: auto; word-spacing: 0px; -webkit-tap-highlight-color: rgba(0, 0, 0, 0); -webkit-text-size-adjust: 100%; -webkit-text-stroke-width: 0px; text-decoration: none\">Esta es la principal conclusi\u00f3n de una<span class=\"Apple-converted-space\">&nbsp;<\/span><a href=\"https:\/\/www.healio.com\/cardiology\/vascular-medicine\/news\/online\/%7Bdfb6f106-7bd3-4b00-9b6d-63343de35d20%7D\/fragmented-sleeping-low-sleep-time-raise-atherosclerosis-risk\" target=\"_blank\" style=\"box-sizing: border-box; background-color: transparent; color: rgb(66, 139, 202); text-decoration: none; outline: none 0px; background-position: initial initial; background-repeat: initial initial\">investigaci\u00f3n<\/a>liderada por el Centro Nacional de Investigaciones Cardiovasculares (CNIC), que ha analizado el sue\u00f1o a una poblaci\u00f3n homog\u00e9nea de 3974 personas con una edad media de 46 a\u00f1os y que nunca han padecido un evento card\u00edaco, seg\u00fan recogi\u00f3 el lunes la agencia espa\u00f1ola<span class=\"Apple-converted-space\">&nbsp;<\/span><em style=\"box-sizing: border-box\">Efe<\/em>.<\/p>\n<p style=\"box-sizing: border-box; margin: 0px 0px 10px; font-size: 16px; caret-color: rgb(51, 51, 51); color: rgb(51, 51, 51); font-family: \"Helvetica Neue\", Helvetica, Arial, sans-serif; font-style: normal; font-variant-caps: normal; font-weight: normal; letter-spacing: normal; orphans: auto; text-align: start; text-indent: 0px; text-transform: none; white-space: normal; widows: auto; word-spacing: 0px; -webkit-tap-highlight-color: rgba(0, 0, 0, 0); -webkit-text-size-adjust: 100%; -webkit-text-stroke-width: 0px; text-decoration: none\">El trabajo, en el que el 60 % de los participantes eran hombres, apunta a que las personas que duermen menos de seis horas por la noche pueden tener un mayor riesgo de enfermedad cardiovascular en comparaci\u00f3n con aquellas que lo hacen entre siete y ocho horas.<\/p>\n<p style=\"box-sizing: border-box; margin: 0px 0px 10px; font-size: 16px; caret-color: rgb(51, 51, 51); color: rgb(51, 51, 51); font-family: \"Helvetica Neue\", Helvetica, Arial, sans-serif; font-style: normal; font-variant-caps: normal; font-weight: normal; letter-spacing: normal; orphans: auto; text-align: start; text-indent: 0px; text-transform: none; white-space: normal; widows: auto; word-spacing: 0px; -webkit-tap-highlight-color: rgba(0, 0, 0, 0); -webkit-text-size-adjust: 100%; -webkit-text-stroke-width: 0px; text-decoration: none\">Y tambi\u00e9n las que duermen mal, es decir, aquellas que se despiertan en varias ocasiones durante la noche \u2014sue\u00f1o superficial\u2014.<\/p>\n<p style=\"box-sizing: border-box; margin: 0px 0px 10px; font-size: 16px; caret-color: rgb(51, 51, 51); color: rgb(51, 51, 51); font-family: \"Helvetica Neue\", Helvetica, Arial, sans-serif; font-style: normal; font-variant-caps: normal; font-weight: normal; letter-spacing: normal; orphans: auto; text-align: start; text-indent: 0px; text-transform: none; white-space: normal; widows: auto; word-spacing: 0px; -webkit-tap-highlight-color: rgba(0, 0, 0, 0); -webkit-text-size-adjust: 100%; -webkit-text-stroke-width: 0px; text-decoration: none\">Los resultados se publican en<span class=\"Apple-converted-space\">&nbsp;<\/span><em style=\"box-sizing: border-box\">The Journal of the American College of<span class=\"Apple-converted-space\">&nbsp;<\/span>Cardiology<\/em><span class=\"Apple-converted-space\">&nbsp;<\/span>(JACC) y a\u00f1aden \u201cuna alarma m\u00e1s\u201d a los ya conocidos factores de riesgo de este tipo de enfermedades, resume el director general del CNIC, Valent\u00edn Fuster, quien recuerda que \u201clo ideal es no despertarse por la noche y dormir siete u ocho horas\u201d.<\/p>\n<p style=\"box-sizing: border-box; margin: 0px 0px 10px; font-size: 16px; caret-color: rgb(51, 51, 51); color: rgb(51, 51, 51); font-family: \"Helvetica Neue\", Helvetica, Arial, sans-serif; font-style: normal; font-variant-caps: normal; font-weight: normal; letter-spacing: normal; orphans: auto; text-align: start; text-indent: 0px; text-transform: none; white-space: normal; widows: auto; word-spacing: 0px; -webkit-tap-highlight-color: rgba(0, 0, 0, 0); -webkit-text-size-adjust: 100%; -webkit-text-stroke-width: 0px; text-decoration: none\">El trabajo en concreto se\u00f1ala que la falta de sue\u00f1o y\/o su mala calidad&nbsp;eleva el riesgo de aterosclerosis, la acumulaci\u00f3n de placas en las arterias de todo el cuerpo, aunque no explica el mecanismo exacto implicado. Se espera que&nbsp;pr\u00f3ximas investigaciones ahonden al respecto.<\/p>\n<p style=\"box-sizing: border-box; margin: 0px 0px 10px; font-size: 16px; caret-color: rgb(51, 51, 51); color: rgb(51, 51, 51); font-family: \"Helvetica Neue\", Helvetica, Arial, sans-serif; font-style: normal; font-variant-caps: normal; font-weight: normal; letter-spacing: normal; orphans: auto; text-align: start; text-indent: 0px; text-transform: none; white-space: normal; widows: auto; word-spacing: 0px; -webkit-tap-highlight-color: rgba(0, 0, 0, 0); -webkit-text-size-adjust: 100%; -webkit-text-stroke-width: 0px; text-decoration: none\">Estudios previos ya hab\u00edan demostrado que la falta de sue\u00f1o aumenta el riesgo de enfermedad cardiovascular al incrementar los factores de riesgo,&nbsp;como los niveles de glucosa, la presi\u00f3n arterial, la inflamaci\u00f3n y la obesidad.<\/p>\n<p style=\"box-sizing: border-box; margin: 0px 0px 10px; font-size: 16px; caret-color: rgb(51, 51, 51); color: rgb(51, 51, 51); font-family: \"Helvetica Neue\", Helvetica, Arial, sans-serif; font-style: normal; font-variant-caps: normal; font-weight: normal; letter-spacing: normal; orphans: auto; text-align: start; text-indent: 0px; text-transform: none; white-space: normal; widows: auto; word-spacing: 0px; -webkit-tap-highlight-color: rgba(0, 0, 0, 0); -webkit-text-size-adjust: 100%; -webkit-text-stroke-width: 0px; text-decoration: none\">Pero este estudio va m\u00e1s all\u00e1 al cuantificar las horas y medir la fragmentaci\u00f3n o calidad del sue\u00f1o, afirma Fuster, y lo hace gracias a tecnolog\u00eda punta y a su aplicaci\u00f3n en la citada poblaci\u00f3n homog\u00e9nea, con una media de edad de 46 a\u00f1os, que es cuando podr\u00eda empezar a desarrollarse la enfermedad card\u00edaca.<\/p>\n<p>Fuente: <a href=\"https:\/\/www.hispantv.com\/noticias\/salud\/408627\/dormir-poco-riesgos-colesterol-cardiovascular\" target=\"_blank\" rel=\"noopener\">HispanTV<\/a><\/p>\n","protected":false},"excerpt":{"rendered":"<p>Investigadores prueban que dormir mal o menos de 6 horas al d\u00eda puede provocar problemas de salud, entre ellos aumentar el riesgo cardiovascular. El colesterol alto, la hipertensi\u00f3n, la falta [&hellip;]<\/p>\n","protected":false},"author":1,"featured_media":885,"comment_status":"open","ping_status":"open","sticky":false,"template":"","format":"standard","meta":{"_jetpack_memberships_contains_paid_content":false,"footnotes":"","jetpack_publicize_message":"","jetpack_publicize_feature_enabled":true,"jetpack_social_post_already_shared":true,"jetpack_social_options":{"image_generator_settings":{"template":"highway","enabled":false},"version":2}},"categories":[6],"tags":[],"class_list":["post-886","post","type-post","status-publish","format-standard","has-post-thumbnail","hentry","category-notices"],"jetpack_publicize_connections":[],"jetpack_featured_media_url":"https:\/\/i0.wp.com\/www.consejeriayliderazgopr.com\/portal\/wp-content\/uploads\/2019\/01\/img_2683.jpg?fit=1280%2C853&ssl=1","jetpack_sharing_enabled":true,"jetpack_shortlink":"https:\/\/wp.me\/pal6D3-ei","_links":{"self":[{"href":"https:\/\/www.consejeriayliderazgopr.com\/portal\/wp-json\/wp\/v2\/posts\/886","targetHints":{"allow":["GET"]}}],"collection":[{"href":"https:\/\/www.consejeriayliderazgopr.com\/portal\/wp-json\/wp\/v2\/posts"}],"about":[{"href":"https:\/\/www.consejeriayliderazgopr.com\/portal\/wp-json\/wp\/v2\/types\/post"}],"author":[{"embeddable":true,"href":"https:\/\/www.consejeriayliderazgopr.com\/portal\/wp-json\/wp\/v2\/users\/1"}],"replies":[{"embeddable":true,"href":"https:\/\/www.consejeriayliderazgopr.com\/portal\/wp-json\/wp\/v2\/comments?post=886"}],"version-history":[{"count":0,"href":"https:\/\/www.consejeriayliderazgopr.com\/portal\/wp-json\/wp\/v2\/posts\/886\/revisions"}],"wp:featuredmedia":[{"embeddable":true,"href":"https:\/\/www.consejeriayliderazgopr.com\/portal\/wp-json\/wp\/v2\/media\/885"}],"wp:attachment":[{"href":"https:\/\/www.consejeriayliderazgopr.com\/portal\/wp-json\/wp\/v2\/media?parent=886"}],"wp:term":[{"taxonomy":"category","embeddable":true,"href":"https:\/\/www.consejeriayliderazgopr.com\/portal\/wp-json\/wp\/v2\/categories?post=886"},{"taxonomy":"post_tag","embeddable":true,"href":"https:\/\/www.consejeriayliderazgopr.com\/portal\/wp-json\/wp\/v2\/tags?post=886"}],"curies":[{"name":"wp","href":"https:\/\/api.w.org\/{rel}","templated":true}]}}