{"id":898,"date":"2019-01-19T19:47:53","date_gmt":"2019-01-19T23:47:53","guid":{"rendered":"http:\/\/www.consejeriayliderazgopr.com\/portal\/identifican-el-gen-guerrero-responsable-de-conductas-agresivas\/"},"modified":"2019-01-19T19:47:53","modified_gmt":"2019-01-19T23:47:53","slug":"identifican-el-gen-guerrero-responsable-de-conductas-agresivas","status":"publish","type":"post","link":"https:\/\/www.consejeriayliderazgopr.com\/portal\/identifican-el-gen-guerrero-responsable-de-conductas-agresivas\/","title":{"rendered":"Identifican el \u2018gen guerrero\u2019, responsable de conductas agresivas"},"content":{"rendered":"<p class=\"introtext\" style=\"box-sizing: border-box; margin: 0px 0px 10px; font-size: 16px; font-weight: bold; caret-color: rgb(51, 51, 51); color: rgb(51, 51, 51); font-family: \"Helvetica Neue\", Helvetica, Arial, sans-serif; font-style: normal; font-variant-caps: normal; letter-spacing: normal; orphans: auto; text-align: start; text-indent: 0px; text-transform: none; white-space: normal; widows: auto; word-spacing: 0px; -webkit-tap-highlight-color: rgba(0, 0, 0, 0); -webkit-text-size-adjust: 100%; -webkit-text-stroke-width: 0px; text-decoration: none\"><strong>Un grupo de cient\u00edficos internacionales ha&nbsp;logrado identificar el gen responsable de las conductas agresivas y negativas en los seres humanos.<\/strong><\/p>\n<p style=\"box-sizing: border-box; margin: 0px 0px 10px; font-size: 16px; caret-color: rgb(51, 51, 51); color: rgb(51, 51, 51); font-family: \"Helvetica Neue\", Helvetica, Arial, sans-serif; font-style: normal; font-variant-caps: normal; font-weight: normal; letter-spacing: normal; orphans: auto; text-align: start; text-indent: 0px; text-transform: none; white-space: normal; widows: auto; word-spacing: 0px; -webkit-tap-highlight-color: rgba(0, 0, 0, 0); -webkit-text-size-adjust: 100%; -webkit-text-stroke-width: 0px; text-decoration: none\">El comportamiento agresivo y asocial guarda una estrecha relaci\u00f3n con el genoma humano, en particular con una secuencia de ADN apodada el \u2018gen guerrero\u2019, de modo que la posibilidad de predecir&nbsp;esta predisposici\u00f3n gen\u00e9tica&nbsp;puede ayudar en la prevenci\u00f3n de actos hostiles&nbsp;entre estudiantes y&nbsp;al desarrollo de terapias conductuales m\u00e1s efectivas, sugiere una investigaci\u00f3n.<\/p>\n<p style=\"box-sizing: border-box; margin: 0px 0px 10px; font-size: 16px; caret-color: rgb(51, 51, 51); color: rgb(51, 51, 51); font-family: \"Helvetica Neue\", Helvetica, Arial, sans-serif; font-style: normal; font-variant-caps: normal; font-weight: normal; letter-spacing: normal; orphans: auto; text-align: start; text-indent: 0px; text-transform: none; white-space: normal; widows: auto; word-spacing: 0px; -webkit-tap-highlight-color: rgba(0, 0, 0, 0); -webkit-text-size-adjust: 100%; -webkit-text-stroke-width: 0px; text-decoration: none\">En el trabajo,&nbsp;publicado&nbsp;recientemente en la revista<span class=\"Apple-converted-space\">&nbsp;<\/span><em style=\"box-sizing: border-box\">International Journal of Psychophysiology<\/em>, formaron parte 285 adolescentes de entre 12 y 19 a\u00f1os. Los autores del estudio determinaron que el&nbsp;98 %&nbsp;de los participantes que pose\u00eda&nbsp;una versi\u00f3n poco activa del&nbsp;gen MAOA&nbsp;tend\u00eda&nbsp;a demostrar un elevado nivel de hostilidad.<\/p>\n<p style=\"box-sizing: border-box; margin: 0px 0px 10px; font-size: 16px; caret-color: rgb(51, 51, 51); color: rgb(51, 51, 51); font-family: \"Helvetica Neue\", Helvetica, Arial, sans-serif; font-style: normal; font-variant-caps: normal; font-weight: normal; letter-spacing: normal; orphans: auto; text-align: start; text-indent: 0px; text-transform: none; white-space: normal; widows: auto; word-spacing: 0px; -webkit-tap-highlight-color: rgba(0, 0, 0, 0); -webkit-text-size-adjust: 100%; -webkit-text-stroke-width: 0px; text-decoration: none\">Este gen, que se ubica en el cromosoma X, est\u00e1 asociado con la inclinaci\u00f3n a diversas conductas asociales, como las&nbsp;peleas, la portaci\u00f3n y el empleo de armas y la pertenencia a bandas y pandillas.<\/p>\n<p style=\"box-sizing: border-box; margin: 0px 0px 10px; font-size: 16px; caret-color: rgb(51, 51, 51); color: rgb(51, 51, 51); font-family: \"Helvetica Neue\", Helvetica, Arial, sans-serif; font-style: normal; font-variant-caps: normal; font-weight: normal; letter-spacing: normal; orphans: auto; text-align: start; text-indent: 0px; text-transform: none; white-space: normal; widows: auto; word-spacing: 0px; -webkit-tap-highlight-color: rgba(0, 0, 0, 0); -webkit-text-size-adjust: 100%; -webkit-text-stroke-width: 0px; text-decoration: none\">Los autores de la investigaci\u00f3n se\u00f1alan que las emociones negativas como la ira,&nbsp;la agresividad, la hostilidad,<span class=\"Apple-converted-space\">&nbsp;<\/span><a href=\"https:\/\/www.hispantv.com\/noticias\/salud\/367403\/celulas-ansiedad-ratones-humanos-estudio\" target=\"_blank\" style=\"box-sizing: border-box; background-color: transparent; color: rgb(66, 139, 202); text-decoration: none; outline: none 0px; background-position: initial initial; background-repeat: initial initial\">la ansiedad<\/a><span class=\"Apple-converted-space\">&nbsp;<\/span>o los miedos&nbsp;juegan un papel importante en el comportamiento humano. Cuando son experimentados en la juventud, estos sentimientos pueden ejercer una importante influencia sobre el estado de \u00e1nimo general, las prioridades personales, el aprendizaje y otros procesos cognitivos.<\/p>\n<p style=\"box-sizing: border-box; margin: 0px 0px 10px; font-size: 16px; caret-color: rgb(51, 51, 51); color: rgb(51, 51, 51); font-family: \"Helvetica Neue\", Helvetica, Arial, sans-serif; font-style: normal; font-variant-caps: normal; font-weight: normal; letter-spacing: normal; orphans: auto; text-align: start; text-indent: 0px; text-transform: none; white-space: normal; widows: auto; word-spacing: 0px; -webkit-tap-highlight-color: rgba(0, 0, 0, 0); -webkit-text-size-adjust: 100%; -webkit-text-stroke-width: 0px; text-decoration: none\">\u201cEstamos de acuerdo con muchos investigadores\u201d en cuanto a que \u201cel comportamiento hostil y el agresivo pueden coincidir con frecuencia, pero no siempre\u201d, mientras que \u201chemos analizado la hostilidad como una postura de oposici\u00f3n hacia el mundo alrededor\u201d, se\u00f1al\u00f3 Irina Abakumova, decana de la Facultad de Psicolog\u00eda, Pedagog\u00eda y Defectolog\u00eda de la Universidad T\u00e9cnica Estatal del Don (Rusia) y coautora del estudio.<\/p>\n<p style=\"box-sizing: border-box; margin: 0px 0px 10px; font-size: 16px; caret-color: rgb(51, 51, 51); color: rgb(51, 51, 51); font-family: \"Helvetica Neue\", Helvetica, Arial, sans-serif; font-style: normal; font-variant-caps: normal; font-weight: normal; letter-spacing: normal; orphans: auto; text-align: start; text-indent: 0px; text-transform: none; white-space: normal; widows: auto; word-spacing: 0px; -webkit-tap-highlight-color: rgba(0, 0, 0, 0); -webkit-text-size-adjust: 100%; -webkit-text-stroke-width: 0px; text-decoration: none\">Este comportamiento presupone \u201cla presencia de actitudes, emociones y manifestaciones conductuales negativas\u201d en forma de \u201cagresi\u00f3n, negativismo y aislamiento\u201d, precis\u00f3 la cient\u00edfica, para despu\u00e9s agregar que este nuevo trabajo puede resultar \u00fatil a la hora de elaborar m\u00e9todos individuales de prevenci\u00f3n de tendencias al comportamiento hostil basados en las&nbsp;cualidades&nbsp;particulares de la persona&nbsp;en lugar de emplear principios psicopedag\u00f3gicos generalizados.<\/p>\n<p>Fuente: <a href=\"https:\/\/www.hispantv.com\/noticias\/salud\/396895\/gen-guerrero-maoa-conductas-agresivas\" target=\"_blank\" rel=\"noopener\">HispanTV<\/a><\/p>\n","protected":false},"excerpt":{"rendered":"<p>Un grupo de cient\u00edficos internacionales ha&nbsp;logrado identificar el gen responsable de las conductas agresivas y negativas en los seres humanos. El comportamiento agresivo y asocial guarda una estrecha relaci\u00f3n con [&hellip;]<\/p>\n","protected":false},"author":1,"featured_media":897,"comment_status":"open","ping_status":"open","sticky":false,"template":"","format":"standard","meta":{"_jetpack_memberships_contains_paid_content":false,"footnotes":"","jetpack_publicize_message":"","jetpack_publicize_feature_enabled":true,"jetpack_social_post_already_shared":true,"jetpack_social_options":{"image_generator_settings":{"template":"highway","enabled":false},"version":2}},"categories":[6],"tags":[],"class_list":["post-898","post","type-post","status-publish","format-standard","has-post-thumbnail","hentry","category-notices"],"jetpack_publicize_connections":[],"jetpack_featured_media_url":"https:\/\/i0.wp.com\/www.consejeriayliderazgopr.com\/portal\/wp-content\/uploads\/2019\/01\/img_2689.jpg?fit=1280%2C851&ssl=1","jetpack_sharing_enabled":true,"jetpack_shortlink":"https:\/\/wp.me\/pal6D3-eu","_links":{"self":[{"href":"https:\/\/www.consejeriayliderazgopr.com\/portal\/wp-json\/wp\/v2\/posts\/898","targetHints":{"allow":["GET"]}}],"collection":[{"href":"https:\/\/www.consejeriayliderazgopr.com\/portal\/wp-json\/wp\/v2\/posts"}],"about":[{"href":"https:\/\/www.consejeriayliderazgopr.com\/portal\/wp-json\/wp\/v2\/types\/post"}],"author":[{"embeddable":true,"href":"https:\/\/www.consejeriayliderazgopr.com\/portal\/wp-json\/wp\/v2\/users\/1"}],"replies":[{"embeddable":true,"href":"https:\/\/www.consejeriayliderazgopr.com\/portal\/wp-json\/wp\/v2\/comments?post=898"}],"version-history":[{"count":0,"href":"https:\/\/www.consejeriayliderazgopr.com\/portal\/wp-json\/wp\/v2\/posts\/898\/revisions"}],"wp:featuredmedia":[{"embeddable":true,"href":"https:\/\/www.consejeriayliderazgopr.com\/portal\/wp-json\/wp\/v2\/media\/897"}],"wp:attachment":[{"href":"https:\/\/www.consejeriayliderazgopr.com\/portal\/wp-json\/wp\/v2\/media?parent=898"}],"wp:term":[{"taxonomy":"category","embeddable":true,"href":"https:\/\/www.consejeriayliderazgopr.com\/portal\/wp-json\/wp\/v2\/categories?post=898"},{"taxonomy":"post_tag","embeddable":true,"href":"https:\/\/www.consejeriayliderazgopr.com\/portal\/wp-json\/wp\/v2\/tags?post=898"}],"curies":[{"name":"wp","href":"https:\/\/api.w.org\/{rel}","templated":true}]}}