{"id":971,"date":"2023-08-27T00:06:50","date_gmt":"2023-08-27T04:06:50","guid":{"rendered":"http:\/\/www.consejeriayliderazgopr.com\/portal\/?p=971"},"modified":"2023-08-27T19:46:50","modified_gmt":"2023-08-27T23:46:50","slug":"proximas-actividades","status":"publish","type":"post","link":"https:\/\/www.consejeriayliderazgopr.com\/portal\/proximas-actividades\/","title":{"rendered":"Pr\u00f3ximas Actividades"},"content":{"rendered":"\r\n<div>\r\n<div dir=\"auto\">\r\n<p>El Centro de Apoyo Psicosocial y Recursos Educativos para el Desarrollo les invita a matricularse en la<\/p>\r\n<p>Certificaci\u00f3n Profesional en Evaluaci\u00f3n y Consejer\u00eda de Carrera<\/p>\r\n<p>Para m\u00e1s informaci\u00f3n de los recursos y contenido tem\u00e1tico, y para matr\u00edcula, puede acceder el siguiente enlace: <br \/><a href=\"https:\/\/forms.gle\/1DAGivEV8u6mPhAi8\">https:\/\/forms.gle\/1DAGivEV8u6mPhAi8<\/a><\/p>\r\n<p><a href=\"https:\/\/i0.wp.com\/www.consejeriayliderazgopr.com\/portal\/wp-content\/uploads\/2019\/04\/d8ee92d9-5e2f-4f47-a1d6-9100ab78c0bd.jpeg\"><img data-recalc-dims=\"1\" loading=\"lazy\" decoding=\"async\" class=\"alignnone wp-image-1248 size-full\" src=\"https:\/\/i0.wp.com\/www.consejeriayliderazgopr.com\/portal\/wp-content\/uploads\/2019\/04\/d8ee92d9-5e2f-4f47-a1d6-9100ab78c0bd.jpeg?resize=640%2C905\" alt=\"\" width=\"640\" height=\"905\" srcset=\"https:\/\/i0.wp.com\/www.consejeriayliderazgopr.com\/portal\/wp-content\/uploads\/2019\/04\/d8ee92d9-5e2f-4f47-a1d6-9100ab78c0bd.jpeg?w=1448&amp;ssl=1 1448w, https:\/\/i0.wp.com\/www.consejeriayliderazgopr.com\/portal\/wp-content\/uploads\/2019\/04\/d8ee92d9-5e2f-4f47-a1d6-9100ab78c0bd.jpeg?resize=212%2C300&amp;ssl=1 212w, https:\/\/i0.wp.com\/www.consejeriayliderazgopr.com\/portal\/wp-content\/uploads\/2019\/04\/d8ee92d9-5e2f-4f47-a1d6-9100ab78c0bd.jpeg?resize=768%2C1086&amp;ssl=1 768w, https:\/\/i0.wp.com\/www.consejeriayliderazgopr.com\/portal\/wp-content\/uploads\/2019\/04\/d8ee92d9-5e2f-4f47-a1d6-9100ab78c0bd.jpeg?resize=724%2C1024&amp;ssl=1 724w, https:\/\/i0.wp.com\/www.consejeriayliderazgopr.com\/portal\/wp-content\/uploads\/2019\/04\/d8ee92d9-5e2f-4f47-a1d6-9100ab78c0bd.jpeg?w=1280 1280w\" sizes=\"auto, (max-width: 640px) 100vw, 640px\" \/><\/a><\/p>\r\n<\/div>\r\n<\/div>\r\n","protected":false},"excerpt":{"rendered":"<p>El Centro de Apoyo Psicosocial y Recursos Educativos para el Desarrollo les invita a matricularse en la Certificaci\u00f3n Profesional en Evaluaci\u00f3n y Consejer\u00eda de Carrera Para m\u00e1s informaci\u00f3n de los [&hellip;]<\/p>\n","protected":false},"author":1,"featured_media":0,"comment_status":"closed","ping_status":"closed","sticky":false,"template":"","format":"standard","meta":{"_jetpack_memberships_contains_paid_content":false,"footnotes":"","jetpack_publicize_message":"","jetpack_publicize_feature_enabled":true,"jetpack_social_post_already_shared":true,"jetpack_social_options":{"image_generator_settings":{"template":"highway","enabled":false},"version":2}},"categories":[28],"tags":[],"class_list":["post-971","post","type-post","status-publish","format-standard","hentry","category-capred"],"jetpack_publicize_connections":[],"jetpack_featured_media_url":"","jetpack_sharing_enabled":true,"jetpack_shortlink":"https:\/\/wp.me\/pal6D3-fF","_links":{"self":[{"href":"https:\/\/www.consejeriayliderazgopr.com\/portal\/wp-json\/wp\/v2\/posts\/971","targetHints":{"allow":["GET"]}}],"collection":[{"href":"https:\/\/www.consejeriayliderazgopr.com\/portal\/wp-json\/wp\/v2\/posts"}],"about":[{"href":"https:\/\/www.consejeriayliderazgopr.com\/portal\/wp-json\/wp\/v2\/types\/post"}],"author":[{"embeddable":true,"href":"https:\/\/www.consejeriayliderazgopr.com\/portal\/wp-json\/wp\/v2\/users\/1"}],"replies":[{"embeddable":true,"href":"https:\/\/www.consejeriayliderazgopr.com\/portal\/wp-json\/wp\/v2\/comments?post=971"}],"version-history":[{"count":19,"href":"https:\/\/www.consejeriayliderazgopr.com\/portal\/wp-json\/wp\/v2\/posts\/971\/revisions"}],"predecessor-version":[{"id":988,"href":"https:\/\/www.consejeriayliderazgopr.com\/portal\/wp-json\/wp\/v2\/posts\/971\/revisions\/988"}],"wp:attachment":[{"href":"https:\/\/www.consejeriayliderazgopr.com\/portal\/wp-json\/wp\/v2\/media?parent=971"}],"wp:term":[{"taxonomy":"category","embeddable":true,"href":"https:\/\/www.consejeriayliderazgopr.com\/portal\/wp-json\/wp\/v2\/categories?post=971"},{"taxonomy":"post_tag","embeddable":true,"href":"https:\/\/www.consejeriayliderazgopr.com\/portal\/wp-json\/wp\/v2\/tags?post=971"}],"curies":[{"name":"wp","href":"https:\/\/api.w.org\/{rel}","templated":true}]}}